{"id":5075,"date":"2026-09-02T19:40:11","date_gmt":"2026-09-02T17:40:11","guid":{"rendered":"https:\/\/fiic.lat\/?p=5075"},"modified":"2026-09-02T19:42:56","modified_gmt":"2026-09-02T17:42:56","slug":"declaracion-de-vivienda-en-america-latina-de-la-fiic","status":"publish","type":"post","link":"https:\/\/fiic.lat\/en\/declaracion-de-vivienda-en-america-latina-de-la-fiic\/","title":{"rendered":"Declaraci\u00f3n de Vivienda en Am\u00e9rica Latina de la FIIC"},"content":{"rendered":"<p>La Federaci\u00f3n Interamericana de la Industria de la Construcci\u00f3n (FIIC) present\u00f3 su posicionamiento sobre la vivienda, los incentivos, los subsidios y el financiamiento necesarios para enfrentar el d\u00e9ficit habitacional en Am\u00e9rica Latina y el Caribe, destacando la importancia de colocar la calidad de vida de las personas en el centro de las pol\u00edticas de vivienda.<\/p>\n\n\n\n<p>La FIIC considera que la <strong>vivienda es un instrumento estrat\u00e9gico de desarrollo econ\u00f3mico y bienestar social<\/strong>, debido a su capacidad para generar empleo formal, dinamizar las econom\u00edas locales y mejorar las condiciones de vida de las familias. Por ello, plantea la necesidad de impulsar pol\u00edticas de Estado de largo plazo, coordinadas y sustentadas en evidencia t\u00e9cnica.<\/p>\n\n\n\n<p>Entre los principales puntos de la Declaraci\u00f3n destacan:<\/p>\n\n\n\n<ul>\n<li><strong>Impulsar la oferta de vivienda:<\/strong> establecer procesos regulatorios m\u00e1s \u00e1giles, beneficios tributarios focalizados, normas urbanas que permitan un uso eficiente y sostenible del suelo y mecanismos que incentiven la inversi\u00f3n privada.<\/li>\n\n\n\n<li><strong>Fortalecer los subsidios:<\/strong> desarrollar apoyos transparentes y predecibles dirigidos a los hogares, que complementen el cr\u00e9dito y permitan a m\u00e1s familias acceder a una vivienda.<\/li>\n\n\n\n<li><strong>Ampliar el financiamiento:<\/strong> promover productos financieros adecuados a las necesidades de la poblaci\u00f3n de Am\u00e9rica Latina y el Caribe, as\u00ed como l\u00edneas de cr\u00e9dito de mediano y largo plazo y mecanismos de garant\u00eda que faciliten el acceso al financiamiento.<\/li>\n\n\n\n<li><strong>Promover alianzas p\u00fablico-privadas:<\/strong> desarrollar proyectos de vivienda a gran escala que incorporen no solo la construcci\u00f3n de hogares, sino tambi\u00e9n infraestructura y servicios como vialidad, agua potable, saneamiento, energ\u00eda y equipamiento social.<\/li>\n\n\n\n<li><strong>Fortalecer una construcci\u00f3n sostenible y resiliente:<\/strong> impulsar el uso de nuevas tecnolog\u00edas y metodolog\u00edas, como BIM, Lean Construction y sistemas de prefabricaci\u00f3n, adem\u00e1s de fomentar la formalidad empresarial y laboral.<\/li>\n<\/ul>\n\n\n\n<p>La FIIC reafirma as\u00ed el compromiso del sector privado de la construcci\u00f3n para trabajar conjuntamente con los gobiernos y organismos financieros en la b\u00fasqueda de soluciones al d\u00e9ficit habitacional. La Federaci\u00f3n se\u00f1ala que <strong>Am\u00e9rica Latina y el Caribe tienen la oportunidad de convertir la vivienda en un motor de desarrollo sostenible<\/strong>, siempre que existan condiciones adecuadas, reglas claras, financiamiento y una verdadera colaboraci\u00f3n entre los sectores p\u00fablico y privado.<\/p>\n\n\n\n<div class=\"wp-block-file\"><object class=\"wp-block-file__embed\" data=\"https:\/\/fiic.lat\/wp-content\/uploads\/2026\/09\/Declaracion-Vivienda-FIIC.pdf\" type=\"application\/pdf\" style=\"width:100%;height:600px\" aria-label=\"Embed of Declaracion-Vivienda-FIIC.\"><\/object><a id=\"wp-block-file--media-38d6c4b2-422f-4675-8d02-45e3b9c8a83d\" href=\"https:\/\/fiic.lat\/wp-content\/uploads\/2026\/09\/Declaracion-Vivienda-FIIC.pdf\">Declaracion-Vivienda-FIIC<\/a><a href=\"https:\/\/fiic.lat\/wp-content\/uploads\/2026\/09\/Declaracion-Vivienda-FIIC.pdf\" class=\"wp-block-file__button wp-element-button\" download aria-describedby=\"wp-block-file--media-38d6c4b2-422f-4675-8d02-45e3b9c8a83d\">Descarga<\/a><\/div>","protected":false},"excerpt":{"rendered":"<p>La Federaci\u00f3n Interamericana de la Industria de la Construcci\u00f3n (FIIC) present\u00f3 su posicionamiento sobre la vivienda, los incentivos, los subsidios y el financiamiento necesarios para enfrentar el d\u00e9ficit habitacional en Am\u00e9rica Latina y el Caribe, destacando la importancia de colocar la calidad de vida de las personas en el centro de las pol\u00edticas de vivienda. [&hellip;]<\/p>","protected":false},"author":6,"featured_media":5080,"comment_status":"open","ping_status":"open","sticky":false,"template":"","format":"standard","meta":{"qubely_global_settings":"","qubely_interactions":""},"categories":[112,122],"tags":[],"blocksy_meta":"","qubely_featured_image_url":{"full":["https:\/\/fiic.lat\/wp-content\/uploads\/2026\/09\/ChatGPT-Image-2-sept-2026-11_42_27-a.m.png",1536,1024,false],"landscape":["https:\/\/fiic.lat\/wp-content\/uploads\/2026\/09\/ChatGPT-Image-2-sept-2026-11_42_27-a.m-1200x750.png",1200,750,true],"portraits":["https:\/\/fiic.lat\/wp-content\/uploads\/2026\/09\/ChatGPT-Image-2-sept-2026-11_42_27-a.m-540x320.png",540,320,true],"thumbnail":["https:\/\/fiic.lat\/wp-content\/uploads\/2026\/09\/ChatGPT-Image-2-sept-2026-11_42_27-a.m-150x150.png",150,150,true],"medium":["https:\/\/fiic.lat\/wp-content\/uploads\/2026\/09\/ChatGPT-Image-2-sept-2026-11_42_27-a.m-300x200.png",300,200,true],"medium_large":["https:\/\/fiic.lat\/wp-content\/uploads\/2026\/09\/ChatGPT-Image-2-sept-2026-11_42_27-a.m-768x512.png",768,512,true],"large":["https:\/\/fiic.lat\/wp-content\/uploads\/2026\/09\/ChatGPT-Image-2-sept-2026-11_42_27-a.m-1024x683.png",1024,683,true],"1536x1536":["https:\/\/fiic.lat\/wp-content\/uploads\/2026\/09\/ChatGPT-Image-2-sept-2026-11_42_27-a.m.png",1536,1024,false],"2048x2048":["https:\/\/fiic.lat\/wp-content\/uploads\/2026\/09\/ChatGPT-Image-2-sept-2026-11_42_27-a.m.png",1536,1024,false],"trp-custom-language-flag":["https:\/\/fiic.lat\/wp-content\/uploads\/2026\/09\/ChatGPT-Image-2-sept-2026-11_42_27-a.m-18x12.png",18,12,true],"qubely_landscape":["https:\/\/fiic.lat\/wp-content\/uploads\/2026\/09\/ChatGPT-Image-2-sept-2026-11_42_27-a.m-1200x750.png",1200,750,true],"qubely_portrait":["https:\/\/fiic.lat\/wp-content\/uploads\/2026\/09\/ChatGPT-Image-2-sept-2026-11_42_27-a.m-540x320.png",540,320,true],"qubely_thumbnail":["https:\/\/fiic.lat\/wp-content\/uploads\/2026\/09\/ChatGPT-Image-2-sept-2026-11_42_27-a.m-140x100.png",140,100,true]},"qubely_author":{"display_name":"Noticias FIIC","author_link":"https:\/\/fiic.lat\/en\/author\/noticias\/"},"qubely_comment":0,"qubely_category":"<a href=\"https:\/\/fiic.lat\/en\/category\/centroamerica\/\" rel=\"category tag\">Centroam\u00e9rica<\/a> <a href=\"https:\/\/fiic.lat\/en\/category\/america-latina-y-el-caribe\/\" rel=\"category tag\">Am\u00e9rica Latina y el Caribe<\/a>","qubely_excerpt":"La Federaci\u00f3n Interamericana de la Industria de la Construcci\u00f3n (FIIC) present\u00f3 su posicionamiento sobre la vivienda, los incentivos, los subsidios y el financiamiento necesarios para enfrentar el d\u00e9ficit habitacional en Am\u00e9rica Latina y el Caribe, destacando la importancia de colocar la calidad de vida de las personas en el centro de las pol\u00edticas de vivienda.&hellip;","_links":{"self":[{"href":"https:\/\/fiic.lat\/en\/wp-json\/wp\/v2\/posts\/5075"}],"collection":[{"href":"https:\/\/fiic.lat\/en\/wp-json\/wp\/v2\/posts"}],"about":[{"href":"https:\/\/fiic.lat\/en\/wp-json\/wp\/v2\/types\/post"}],"author":[{"embeddable":true,"href":"https:\/\/fiic.lat\/en\/wp-json\/wp\/v2\/users\/6"}],"replies":[{"embeddable":true,"href":"https:\/\/fiic.lat\/en\/wp-json\/wp\/v2\/comments?post=5075"}],"version-history":[{"count":1,"href":"https:\/\/fiic.lat\/en\/wp-json\/wp\/v2\/posts\/5075\/revisions"}],"predecessor-version":[{"id":5079,"href":"https:\/\/fiic.lat\/en\/wp-json\/wp\/v2\/posts\/5075\/revisions\/5079"}],"wp:featuredmedia":[{"embeddable":true,"href":"https:\/\/fiic.lat\/en\/wp-json\/wp\/v2\/media\/5080"}],"wp:attachment":[{"href":"https:\/\/fiic.lat\/en\/wp-json\/wp\/v2\/media?parent=5075"}],"wp:term":[{"taxonomy":"category","embeddable":true,"href":"https:\/\/fiic.lat\/en\/wp-json\/wp\/v2\/categories?post=5075"},{"taxonomy":"post_tag","embeddable":true,"href":"https:\/\/fiic.lat\/en\/wp-json\/wp\/v2\/tags?post=5075"}],"curies":[{"name":"wp","href":"https:\/\/api.w.org\/{rel}","templated":true}]}}