{"id":4924,"date":"2026-04-14T18:58:19","date_gmt":"2026-04-14T16:58:19","guid":{"rendered":"https:\/\/fiic.lat\/?p=4924"},"modified":"2026-04-14T18:58:19","modified_gmt":"2026-04-14T16:58:19","slug":"sector-construccion-se-viste-de-8m-en-toda-la-region","status":"publish","type":"post","link":"https:\/\/fiic.lat\/en\/sector-construccion-se-viste-de-8m-en-toda-la-region\/","title":{"rendered":"Sector Construcci\u00f3n se Viste de 8M en toda la Regi\u00f3n"},"content":{"rendered":"<p>Durante el mes de marzo la industria de la construcci\u00f3n en la regi\u00f3n reafirm\u00f3 su compromiso con la equidad. Las c\u00e1maras de la FIIC lideraron diversas iniciativas para conmemorar el D\u00eda Internacional de la Mujer, demostrando que la presencia femenina es clave para el futuro de nuestra industria.<\/p>\n\n\n\n<p>La jornada les dej\u00f3 grandes momentos a lo largo del continente. En Costa Rica, por ejemplo, la conmemoraci\u00f3n se vivi\u00f3 en el coraz\u00f3n de la ExpoConstrucci\u00f3n en la C\u00e1mara Costarricense de la industria de la Construcci\u00f3n, donde m\u00e1s de 200 personas se reunieron para visibilizar el liderazgo de las mujeres en el sector.<\/p>\n\n\n\n<p>Mientras tanto, en Brasil, la C\u00e1mara Brasile\u00f1a de la Construcci\u00f3n organiz\u00f3 un encuentro digital en vivo titulado &#8220;Avances y retos en la inclusi\u00f3n de la mujer en el sector de la construcci\u00f3n&#8221;. En esta transmisi\u00f3n, que cont\u00f3 con la participaci\u00f3n del presidente de la c\u00e1mara, se analizaron de frente los desaf\u00edos actuales para lograr espacios m\u00e1s diversos.<\/p>\n\n\n\n<p>Por su parte, la C\u00e1mara Chilena de la Construcci\u00f3n extendi\u00f3 la conmemoraci\u00f3n a nivel nacional a trav\u00e9s de sus delegaciones, como la de Valdivia. Fue un encuentro de gran relevancia donde tambi\u00e9n se reconoci\u00f3 el D\u00eda del Trabajador y la Trabajadora de la Construcci\u00f3n, contando con la participaci\u00f3n del ministro del Trabajo, Tom\u00e1s Rau, y la ministra de la Mujer y la Equidad de G\u00e9nero.<\/p>\n\n\n\n<p>Desde la FIIC, celebramos estas acciones que demuestran que el sector evoluciona hacia una integraci\u00f3n plena y justa.<\/p>\n\n\n\n<figure class=\"wp-block-image size-full is-resized\"><img decoding=\"async\" loading=\"lazy\" src=\"https:\/\/fiic.lat\/wp-content\/uploads\/2026\/04\/image.png\" alt=\"\" class=\"wp-image-4925\" width=\"487\" height=\"365\" srcset=\"https:\/\/fiic.lat\/wp-content\/uploads\/2026\/04\/image.png 533w, https:\/\/fiic.lat\/wp-content\/uploads\/2026\/04\/image-300x225.png 300w, https:\/\/fiic.lat\/wp-content\/uploads\/2026\/04\/image-16x12.png 16w\" sizes=\"(max-width: 487px) 100vw, 487px\" \/><figcaption class=\"wp-element-caption\"><em>C\u00e1mara Chilena de la Construcci\u00f3n<\/em><\/figcaption><\/figure>\n\n\n\n<figure class=\"wp-block-image size-full\"><img decoding=\"async\" loading=\"lazy\" width=\"569\" height=\"311\" src=\"https:\/\/fiic.lat\/wp-content\/uploads\/2026\/04\/image-1.png\" alt=\"\" class=\"wp-image-4926\" srcset=\"https:\/\/fiic.lat\/wp-content\/uploads\/2026\/04\/image-1.png 569w, https:\/\/fiic.lat\/wp-content\/uploads\/2026\/04\/image-1-300x164.png 300w, https:\/\/fiic.lat\/wp-content\/uploads\/2026\/04\/image-1-18x10.png 18w\" sizes=\"(max-width: 569px) 100vw, 569px\" \/><figcaption class=\"wp-element-caption\"><em>C\u00e1mara Costarricense de la Construcci\u00f3n<\/em><\/figcaption><\/figure>\n\n\n\n<figure class=\"wp-block-image size-full\"><img decoding=\"async\" loading=\"lazy\" width=\"508\" height=\"285\" src=\"https:\/\/fiic.lat\/wp-content\/uploads\/2026\/04\/image-2.png\" alt=\"\" class=\"wp-image-4927\" srcset=\"https:\/\/fiic.lat\/wp-content\/uploads\/2026\/04\/image-2.png 508w, https:\/\/fiic.lat\/wp-content\/uploads\/2026\/04\/image-2-300x168.png 300w, https:\/\/fiic.lat\/wp-content\/uploads\/2026\/04\/image-2-18x10.png 18w\" sizes=\"(max-width: 508px) 100vw, 508px\" \/><figcaption class=\"wp-element-caption\"><em>C\u00e1mara Brasile\u00f1a de la Construcci\u00f3n<\/em><\/figcaption><\/figure>","protected":false},"excerpt":{"rendered":"<p>Durante el mes de marzo la industria de la construcci\u00f3n en la regi\u00f3n reafirm\u00f3 su compromiso con la equidad. Las c\u00e1maras de la FIIC lideraron diversas iniciativas para conmemorar el D\u00eda Internacional de la Mujer, demostrando que la presencia femenina es clave para el futuro de nuestra industria. La jornada les dej\u00f3 grandes momentos a [&hellip;]<\/p>","protected":false},"author":6,"featured_media":0,"comment_status":"open","ping_status":"open","sticky":false,"template":"","format":"standard","meta":{"qubely_global_settings":"","qubely_interactions":""},"categories":[94,93,97,92],"tags":[],"blocksy_meta":"","qubely_featured_image_url":null,"qubely_author":{"display_name":"Noticias FIIC","author_link":"https:\/\/fiic.lat\/en\/author\/noticias\/"},"qubely_comment":7,"qubely_category":"<a href=\"https:\/\/fiic.lat\/en\/category\/costa-rica\/\" rel=\"category tag\">Costa Rica<\/a> <a href=\"https:\/\/fiic.lat\/en\/category\/brasil\/\" rel=\"category tag\">Brasil<\/a> <a href=\"https:\/\/fiic.lat\/en\/category\/chile\/\" rel=\"category tag\">Chile<\/a> <a href=\"https:\/\/fiic.lat\/en\/category\/noticia\/mujeres-fiic\/\" rel=\"category tag\">Mujeres FIIC<\/a>","qubely_excerpt":"Durante el mes de marzo la industria de la construcci\u00f3n en la regi\u00f3n reafirm\u00f3 su compromiso con la equidad. Las c\u00e1maras de la FIIC lideraron diversas iniciativas para conmemorar el D\u00eda Internacional de la Mujer, demostrando que la presencia femenina es clave para el futuro de nuestra industria. La jornada les dej\u00f3 grandes momentos a&hellip;","_links":{"self":[{"href":"https:\/\/fiic.lat\/en\/wp-json\/wp\/v2\/posts\/4924"}],"collection":[{"href":"https:\/\/fiic.lat\/en\/wp-json\/wp\/v2\/posts"}],"about":[{"href":"https:\/\/fiic.lat\/en\/wp-json\/wp\/v2\/types\/post"}],"author":[{"embeddable":true,"href":"https:\/\/fiic.lat\/en\/wp-json\/wp\/v2\/users\/6"}],"replies":[{"embeddable":true,"href":"https:\/\/fiic.lat\/en\/wp-json\/wp\/v2\/comments?post=4924"}],"version-history":[{"count":1,"href":"https:\/\/fiic.lat\/en\/wp-json\/wp\/v2\/posts\/4924\/revisions"}],"predecessor-version":[{"id":4928,"href":"https:\/\/fiic.lat\/en\/wp-json\/wp\/v2\/posts\/4924\/revisions\/4928"}],"wp:attachment":[{"href":"https:\/\/fiic.lat\/en\/wp-json\/wp\/v2\/media?parent=4924"}],"wp:term":[{"taxonomy":"category","embeddable":true,"href":"https:\/\/fiic.lat\/en\/wp-json\/wp\/v2\/categories?post=4924"},{"taxonomy":"post_tag","embeddable":true,"href":"https:\/\/fiic.lat\/en\/wp-json\/wp\/v2\/tags?post=4924"}],"curies":[{"name":"wp","href":"https:\/\/api.w.org\/{rel}","templated":true}]}}