{"id":4898,"date":"2026-03-11T17:15:10","date_gmt":"2026-03-11T16:15:10","guid":{"rendered":"https:\/\/fiic.lat\/?p=4898"},"modified":"2026-03-11T17:17:19","modified_gmt":"2026-03-11T16:17:19","slug":"dia-de-la-mujer-8-de-marzo","status":"publish","type":"post","link":"https:\/\/fiic.lat\/en\/dia-de-la-mujer-8-de-marzo\/","title":{"rendered":"D\u00eda de la mujer 8 de marzo"},"content":{"rendered":"<p>El 8 de marzo, D\u00eda Internacional de la Mujer, es una fecha que invita a reflexionar, recordar y reconocer la lucha hist\u00f3rica de millones de mujeres por la equidad, la justicia y el respeto de sus derechos.<\/p>\n\n\n\n<p>Uno de los hechos que marc\u00f3 profundamente esta conmemoraci\u00f3n ocurri\u00f3 en marzo de 1911, cuando un incendio en la f\u00e1brica textil Triangle Shirtwaist Company, ubicada en Nueva York, cobr\u00f3 la vida de 149 mujeres trabajadoras la mayor\u00eda j\u00f3venes inmigrantes que laboraban en condiciones precarias. Las puertas estaban cerradas y no exist\u00edan medidas adecuadas de seguridad. La tragedia conmocion\u00f3 al mundo y puso en evidencia la urgente necesidad de garantizar derechos laborales dignos, seguridad en el trabajo y condiciones humanas para las mujeres.<\/p>\n\n\n\n<p>Este acontecimiento se convirti\u00f3 en un s\u00edmbolo de la lucha femenina y fortaleci\u00f3 el movimiento internacional por los derechos de las mujeres. Con el tiempo, esta iniciativa tom\u00f3 fuerza en distintos pa\u00edses hasta que, en 1975, la Organizaci\u00f3n de las Naciones Unidas oficializ\u00f3 el 8 de marzo como el D\u00eda Internacional de la Mujer.<\/p>\n\n\n\n<p>M\u00e1s que una celebraci\u00f3n, el 8 de marzo es una jornada de memoria y de compromiso. Es un d\u00eda para reconocer los avances logrados como el derecho al voto, el acceso a la educaci\u00f3n y la participaci\u00f3n en la vida pol\u00edtica y econ\u00f3mica, pero tambi\u00e9n para reflexionar sobre los desaf\u00edos que persisten.<\/p>\n\n\n\n<p>En Am\u00e9rica Latina y el mundo, las mujeres contin\u00faan transformando industrias, liderando comunidades, impulsando innovaci\u00f3n y construyendo sociedades m\u00e1s justas. En sectores estrat\u00e9gicos como la construcci\u00f3n, la ciencia, la tecnolog\u00eda y la econom\u00eda, su participaci\u00f3n es cada vez m\u00e1s visible y decisiva, demostrando que la equidad no solo es un derecho, sino tambi\u00e9n una condici\u00f3n esencial para el desarrollo sostenible.<\/p>\n\n\n\n<p>El 8 de marzo nos recuerda que cada avance ha sido fruto de la perseverancia, la valent\u00eda y la solidaridad de generaciones de mujeres que no se conformaron con las limitaciones impuestas por la sociedad. Recordar a aquellas trabajadoras que perdieron la vida en Nueva York es honrar su memoria y reafirmar el compromiso de seguir construyendo un futuro con igualdad de oportunidades para todas.<\/p>\n\n\n\n<p><strong>En este marco, les preguntamos a las mujeres FIIC:<\/strong><\/p>\n\n\n\n<p>\u00bfQu\u00e9 significa para ellas el 8 de marzo?<\/p>\n\n\n\n<p><strong>Sra. Maria Luisa de M\u00e9xico:<\/strong> <em>\u201cPara m\u00ed, el 8 de marzo significa memoria, lucha y uni\u00f3n.\u201d<\/em><\/p>\n\n\n\n<p><strong>Sra. Carina Mendez de Costa Ric<\/strong>a<strong>: <\/strong><em>\u201cPara m\u00ed es un d\u00eda de reflexi\u00f3n, cuan valientes fueron esas primeras mujeres que marcaron la diferencia para que un d\u00eda como hoy, muchas disfrutemos de los beneficios. Queda mucho camino por delante, mucho por aprender y m\u00e1s para que todas tengamos una vida igualitaria.<\/em>&#8220;<\/p>\n\n\n\n<p>&#8220;<em>Con valor y respeto se va gestando el cambio\u201d<\/em><\/p>\n\n\n\n<p>\u00bfC\u00f3mo viven y conmemoran este d\u00eda desde su experiencia profesional y personal?<\/p>\n\n\n\n<p><strong>Sra. Mar\u00eda Luisa: <\/strong><em>&#8220;Es un d\u00eda para recordar a las mujeres que abrieron camino, para reconocer lo que a\u00fan falta por cambiar y para reafirmar mi fuerza y la de todas. No es solo una fecha, es un recordatorio de que nuestra voz importa y merece ser escuchada.<\/em>&#8220;<\/p>\n\n\n\n<p>&#8220;<em>Lo vivimos celebr\u00e1ndolo con conferencias y celebraci\u00f3n a alguna de las grandes mujeres que han logrado ser escuchadas en su lucha<\/em>&#8220;:<\/p>\n\n\n\n<figure class=\"wp-block-image size-large\"><img decoding=\"async\" loading=\"lazy\" width=\"1024\" height=\"576\" src=\"https:\/\/fiic.lat\/wp-content\/uploads\/2026\/03\/image-3-1024x576.png\" alt=\"\" class=\"wp-image-4899\" srcset=\"https:\/\/fiic.lat\/wp-content\/uploads\/2026\/03\/image-3-1024x576.png 1024w, https:\/\/fiic.lat\/wp-content\/uploads\/2026\/03\/image-3-300x169.png 300w, https:\/\/fiic.lat\/wp-content\/uploads\/2026\/03\/image-3-768x432.png 768w, https:\/\/fiic.lat\/wp-content\/uploads\/2026\/03\/image-3-1536x864.png 1536w, https:\/\/fiic.lat\/wp-content\/uploads\/2026\/03\/image-3-18x10.png 18w, https:\/\/fiic.lat\/wp-content\/uploads\/2026\/03\/image-3.png 1800w\" sizes=\"(max-width: 1024px) 100vw, 1024px\" \/><\/figure>","protected":false},"excerpt":{"rendered":"<p>El 8 de marzo, D\u00eda Internacional de la Mujer, es una fecha que invita a reflexionar, recordar y reconocer la lucha hist\u00f3rica de millones de mujeres por la equidad, la justicia y el respeto de sus derechos. Uno de los hechos que marc\u00f3 profundamente esta conmemoraci\u00f3n ocurri\u00f3 en marzo de 1911, cuando un incendio en [&hellip;]<\/p>","protected":false},"author":6,"featured_media":4899,"comment_status":"open","ping_status":"open","sticky":false,"template":"","format":"standard","meta":{"qubely_global_settings":"","qubely_interactions":""},"categories":[40,90,92],"tags":[],"blocksy_meta":"","qubely_featured_image_url":{"full":["https:\/\/fiic.lat\/wp-content\/uploads\/2026\/03\/image-3.png",1800,1013,false],"landscape":["https:\/\/fiic.lat\/wp-content\/uploads\/2026\/03\/image-3-1200x750.png",1200,750,true],"portraits":["https:\/\/fiic.lat\/wp-content\/uploads\/2026\/03\/image-3-540x320.png",540,320,true],"thumbnail":["https:\/\/fiic.lat\/wp-content\/uploads\/2026\/03\/image-3-150x150.png",150,150,true],"medium":["https:\/\/fiic.lat\/wp-content\/uploads\/2026\/03\/image-3-300x169.png",300,169,true],"medium_large":["https:\/\/fiic.lat\/wp-content\/uploads\/2026\/03\/image-3-768x432.png",768,432,true],"large":["https:\/\/fiic.lat\/wp-content\/uploads\/2026\/03\/image-3-1024x576.png",1024,576,true],"1536x1536":["https:\/\/fiic.lat\/wp-content\/uploads\/2026\/03\/image-3-1536x864.png",1536,864,true],"2048x2048":["https:\/\/fiic.lat\/wp-content\/uploads\/2026\/03\/image-3.png",1800,1013,false],"trp-custom-language-flag":["https:\/\/fiic.lat\/wp-content\/uploads\/2026\/03\/image-3-18x10.png",18,10,true],"qubely_landscape":["https:\/\/fiic.lat\/wp-content\/uploads\/2026\/03\/image-3-1200x750.png",1200,750,true],"qubely_portrait":["https:\/\/fiic.lat\/wp-content\/uploads\/2026\/03\/image-3-540x320.png",540,320,true],"qubely_thumbnail":["https:\/\/fiic.lat\/wp-content\/uploads\/2026\/03\/image-3-140x100.png",140,100,true]},"qubely_author":{"display_name":"Noticias FIIC","author_link":"https:\/\/fiic.lat\/en\/author\/noticias\/"},"qubely_comment":14,"qubely_category":"<a href=\"https:\/\/fiic.lat\/en\/category\/noticia\/\" rel=\"category tag\">Noticia<\/a> <a href=\"https:\/\/fiic.lat\/en\/category\/noticia\/fiic\/\" rel=\"category tag\">FIIC<\/a> <a href=\"https:\/\/fiic.lat\/en\/category\/noticia\/mujeres-fiic\/\" rel=\"category tag\">Mujeres FIIC<\/a>","qubely_excerpt":"El 8 de marzo, D\u00eda Internacional de la Mujer, es una fecha que invita a reflexionar, recordar y reconocer la lucha hist\u00f3rica de millones de mujeres por la equidad, la justicia y el respeto de sus derechos. Uno de los hechos que marc\u00f3 profundamente esta conmemoraci\u00f3n ocurri\u00f3 en marzo de 1911, cuando un incendio en&hellip;","_links":{"self":[{"href":"https:\/\/fiic.lat\/en\/wp-json\/wp\/v2\/posts\/4898"}],"collection":[{"href":"https:\/\/fiic.lat\/en\/wp-json\/wp\/v2\/posts"}],"about":[{"href":"https:\/\/fiic.lat\/en\/wp-json\/wp\/v2\/types\/post"}],"author":[{"embeddable":true,"href":"https:\/\/fiic.lat\/en\/wp-json\/wp\/v2\/users\/6"}],"replies":[{"embeddable":true,"href":"https:\/\/fiic.lat\/en\/wp-json\/wp\/v2\/comments?post=4898"}],"version-history":[{"count":1,"href":"https:\/\/fiic.lat\/en\/wp-json\/wp\/v2\/posts\/4898\/revisions"}],"predecessor-version":[{"id":4900,"href":"https:\/\/fiic.lat\/en\/wp-json\/wp\/v2\/posts\/4898\/revisions\/4900"}],"wp:featuredmedia":[{"embeddable":true,"href":"https:\/\/fiic.lat\/en\/wp-json\/wp\/v2\/media\/4899"}],"wp:attachment":[{"href":"https:\/\/fiic.lat\/en\/wp-json\/wp\/v2\/media?parent=4898"}],"wp:term":[{"taxonomy":"category","embeddable":true,"href":"https:\/\/fiic.lat\/en\/wp-json\/wp\/v2\/categories?post=4898"},{"taxonomy":"post_tag","embeddable":true,"href":"https:\/\/fiic.lat\/en\/wp-json\/wp\/v2\/tags?post=4898"}],"curies":[{"name":"wp","href":"https:\/\/api.w.org\/{rel}","templated":true}]}}