{"id":4890,"date":"2026-03-11T16:52:04","date_gmt":"2026-03-11T15:52:04","guid":{"rendered":"https:\/\/fiic.lat\/?p=4890"},"modified":"2026-03-12T22:52:44","modified_gmt":"2026-03-12T21:52:44","slug":"33-congreso-fiic-en-santiago-de-chile","status":"publish","type":"post","link":"https:\/\/fiic.lat\/en\/33-congreso-fiic-en-santiago-de-chile\/","title":{"rendered":"33\u00b0 Congreso FIIC en Santiago de Chile"},"content":{"rendered":"<p><a href=\"https:\/\/cchc.cl\/fiic2026\" target=\"_blank\" rel=\"noopener\">https:\/\/cchc.cl\/fiic2026<\/a><\/p>\n\n\n\n<p>La Federaci\u00f3n Interamericana de la Industria de la Construcci\u00f3n les invita a sus afiliados y aliados estrat\u00e9gicos que del 10 al 13 de mayo de este a\u00f1o se llevar\u00e1 a cabo el 33\u00b0 Congreso Interamericano de la Industria de la Construcci\u00f3n en la ciudad de Santiago de Chile.<\/p>\n\n\n\n<p>Este importante encuentro regional reunir\u00e1 a l\u00edderes empresariales, representantes gremiales y especialistas del sector construcci\u00f3n de Am\u00e9rica Latina y el Caribe para analizar los principales desaf\u00edos de la industria, intercambiar experiencias y fortalecer la integraci\u00f3n regional.<\/p>\n\n\n\n<p>En las \u00faltimas semanas activamente el presidente de la FIIC Ing. Eduardo Ram\u00edrez junto con los equipos organizadores, han avanzado en la definici\u00f3n del programa, contenidos y aspectos log\u00edsticos del evento. Estas sesiones de trabajo reflejan el compromiso conjunto por ofrecer un congreso de alto nivel, con espacios de di\u00e1logo estrat\u00e9gico y oportunidades reales de networking.<\/p>\n\n\n\n<p>Cabe destacar que, si bien la FIIC es la entidad convocante del Congreso, en esta edici\u00f3n la organizaci\u00f3n y ejecuci\u00f3n estar\u00e1n a cargo de la C\u00e1mara Chilena de la Construcci\u00f3n (CChC), que lidera los preparativos para recibir a las c\u00e1maras miembros FIIC de toda la regi\u00f3n en Chile.<\/p>\n\n\n\n<p>El 33\u00b0 Congreso Interamericano ser\u00e1 una oportunidad \u00fanica para fortalecer alianzas, generar nuevas oportunidades de negocio y construir una visi\u00f3n compartida sobre el futuro de la industria de la construcci\u00f3n en el continente.<\/p>\n\n\n\n<p>Les invitamos a reservar la fecha y prepararse para ser parte de este gran encuentro regional. Nos vemos en Santiago del 10 al 13 de mayo.<\/p>\n\n\n\n<figure class=\"wp-block-image size-full is-resized\"><img decoding=\"async\" loading=\"lazy\" src=\"https:\/\/fiic.lat\/wp-content\/uploads\/2026\/03\/image-2.png\" alt=\"\" class=\"wp-image-4893\" width=\"273\" height=\"486\" srcset=\"https:\/\/fiic.lat\/wp-content\/uploads\/2026\/03\/image-2.png 246w, https:\/\/fiic.lat\/wp-content\/uploads\/2026\/03\/image-2-168x300.png 168w, https:\/\/fiic.lat\/wp-content\/uploads\/2026\/03\/image-2-7x12.png 7w\" sizes=\"(max-width: 273px) 100vw, 273px\" \/><\/figure>","protected":false},"excerpt":{"rendered":"<p>https:\/\/cchc.cl\/fiic2026<\/p>","protected":false},"author":6,"featured_media":4894,"comment_status":"open","ping_status":"open","sticky":false,"template":"","format":"standard","meta":{"qubely_global_settings":"","qubely_interactions":""},"categories":[97,114,40],"tags":[],"blocksy_meta":"","qubely_featured_image_url":{"full":["https:\/\/fiic.lat\/wp-content\/uploads\/2026\/03\/WhatsApp-Image-2026-03-02-at-1.11.41-PM-1.jpeg",1125,623,false],"landscape":["https:\/\/fiic.lat\/wp-content\/uploads\/2026\/03\/WhatsApp-Image-2026-03-02-at-1.11.41-PM-1.jpeg",1125,623,false],"portraits":["https:\/\/fiic.lat\/wp-content\/uploads\/2026\/03\/WhatsApp-Image-2026-03-02-at-1.11.41-PM-1-540x320.jpeg",540,320,true],"thumbnail":["https:\/\/fiic.lat\/wp-content\/uploads\/2026\/03\/WhatsApp-Image-2026-03-02-at-1.11.41-PM-1-150x150.jpeg",150,150,true],"medium":["https:\/\/fiic.lat\/wp-content\/uploads\/2026\/03\/WhatsApp-Image-2026-03-02-at-1.11.41-PM-1-300x166.jpeg",300,166,true],"medium_large":["https:\/\/fiic.lat\/wp-content\/uploads\/2026\/03\/WhatsApp-Image-2026-03-02-at-1.11.41-PM-1-768x425.jpeg",768,425,true],"large":["https:\/\/fiic.lat\/wp-content\/uploads\/2026\/03\/WhatsApp-Image-2026-03-02-at-1.11.41-PM-1-1024x567.jpeg",1024,567,true],"1536x1536":["https:\/\/fiic.lat\/wp-content\/uploads\/2026\/03\/WhatsApp-Image-2026-03-02-at-1.11.41-PM-1.jpeg",1125,623,false],"2048x2048":["https:\/\/fiic.lat\/wp-content\/uploads\/2026\/03\/WhatsApp-Image-2026-03-02-at-1.11.41-PM-1.jpeg",1125,623,false],"trp-custom-language-flag":["https:\/\/fiic.lat\/wp-content\/uploads\/2026\/03\/WhatsApp-Image-2026-03-02-at-1.11.41-PM-1-18x10.jpeg",18,10,true],"qubely_landscape":["https:\/\/fiic.lat\/wp-content\/uploads\/2026\/03\/WhatsApp-Image-2026-03-02-at-1.11.41-PM-1.jpeg",1125,623,false],"qubely_portrait":["https:\/\/fiic.lat\/wp-content\/uploads\/2026\/03\/WhatsApp-Image-2026-03-02-at-1.11.41-PM-1-540x320.jpeg",540,320,true],"qubely_thumbnail":["https:\/\/fiic.lat\/wp-content\/uploads\/2026\/03\/WhatsApp-Image-2026-03-02-at-1.11.41-PM-1-140x100.jpeg",140,100,true]},"qubely_author":{"display_name":"Noticias FIIC","author_link":"https:\/\/fiic.lat\/en\/author\/noticias\/"},"qubely_comment":10,"qubely_category":"<a href=\"https:\/\/fiic.lat\/en\/category\/chile\/\" rel=\"category tag\">Chile<\/a> <a href=\"https:\/\/fiic.lat\/en\/category\/congreso-fiic\/\" rel=\"category tag\">Congreso FIIC<\/a> <a href=\"https:\/\/fiic.lat\/en\/category\/noticia\/\" rel=\"category tag\">Noticia<\/a>","qubely_excerpt":"https:\/\/cchc.cl\/fiic2026","_links":{"self":[{"href":"https:\/\/fiic.lat\/en\/wp-json\/wp\/v2\/posts\/4890"}],"collection":[{"href":"https:\/\/fiic.lat\/en\/wp-json\/wp\/v2\/posts"}],"about":[{"href":"https:\/\/fiic.lat\/en\/wp-json\/wp\/v2\/types\/post"}],"author":[{"embeddable":true,"href":"https:\/\/fiic.lat\/en\/wp-json\/wp\/v2\/users\/6"}],"replies":[{"embeddable":true,"href":"https:\/\/fiic.lat\/en\/wp-json\/wp\/v2\/comments?post=4890"}],"version-history":[{"count":4,"href":"https:\/\/fiic.lat\/en\/wp-json\/wp\/v2\/posts\/4890\/revisions"}],"predecessor-version":[{"id":4909,"href":"https:\/\/fiic.lat\/en\/wp-json\/wp\/v2\/posts\/4890\/revisions\/4909"}],"wp:featuredmedia":[{"embeddable":true,"href":"https:\/\/fiic.lat\/en\/wp-json\/wp\/v2\/media\/4894"}],"wp:attachment":[{"href":"https:\/\/fiic.lat\/en\/wp-json\/wp\/v2\/media?parent=4890"}],"wp:term":[{"taxonomy":"category","embeddable":true,"href":"https:\/\/fiic.lat\/en\/wp-json\/wp\/v2\/categories?post=4890"},{"taxonomy":"post_tag","embeddable":true,"href":"https:\/\/fiic.lat\/en\/wp-json\/wp\/v2\/tags?post=4890"}],"curies":[{"name":"wp","href":"https:\/\/api.w.org\/{rel}","templated":true}]}}