{"id":4748,"date":"2025-11-26T20:46:42","date_gmt":"2025-11-26T19:46:42","guid":{"rendered":"https:\/\/fiic.lat\/?p=4748"},"modified":"2025-11-26T20:46:42","modified_gmt":"2025-11-26T19:46:42","slug":"presidente-fiic-en-bim-forum-mexico","status":"publish","type":"post","link":"https:\/\/fiic.lat\/en\/presidente-fiic-en-bim-forum-mexico\/","title":{"rendered":"Presidente FIIC en BIM Forum M\u00e9xico"},"content":{"rendered":"<p>El presidente de la Federaci\u00f3n Interamericana de la Industria de la Construcci\u00f3n, Ing. Eduardo Ram\u00edrez Leal, particip\u00f3 en el BIM Forum M\u00e9xico 2025, donde dio un discurso inaugural ante autoridades, especialistas y representantes del sector.<\/p>\n\n\n\n<p>En su intervenci\u00f3n, el Ing. Eduardo Ram\u00edrez realiz\u00f3 un recuento hist\u00f3rico del desarrollo de BIM en Am\u00e9rica Latina, destacando que la regi\u00f3n ha entrado en una etapa decisiva de transformaci\u00f3n digital. Record\u00f3 que en 2010 la FIIC cre\u00f3 el BIM F\u00f3rum Latam, un grupo espec\u00edfico de trabajo surgido en la Red de Centros de Innovaci\u00f3n en Construcci\u00f3n (INCONET), marcando el origen de la colaboraci\u00f3n regional en esta materia.<\/p>\n\n\n\n<p>Asimismo, subray\u00f3 el papel fundamental del Banco Interamericano de Desarrollo, cuyo impulso en 2018 permiti\u00f3 avanzar en la transici\u00f3n digital en los pa\u00edses latinoamericanos. Mencion\u00f3 que, para 2020, la adopci\u00f3n de esta metodolog\u00eda comenz\u00f3 a acelerarse.<\/p>\n\n\n\n<p>El presidente de la FIIC tambi\u00e9n resalt\u00f3 la importancia de la capacitaci\u00f3n para la expansi\u00f3n de BIM. Se\u00f1al\u00f3 que creci\u00f3 el n\u00famero de empresas de la regi\u00f3n que han participado en cursos o diplomados, donde c\u00e1maras de la construcci\u00f3n, universidades e instituciones como el ITC\/ICIC de la CMIC desempe\u00f1an un papel importante. Actualmente, 14 de los 18 pa\u00edses miembros de la FIIC forman parte del BIM F\u00f3rum Latam, integrando la metodolog\u00eda en sus estrategias de formaci\u00f3n y difusi\u00f3n.<\/p>\n\n\n\n<p>Finalmente, hizo un llamado a las empresas que a\u00fan no utilizan BIM a avanzar hacia su adopci\u00f3n, resaltando que la digitalizaci\u00f3n se ha convertido en un est\u00e1ndar indispensable para elevar la calidad, eficiencia y transparencia de los proyectos en Am\u00e9rica Latina y el Caribe.<\/p>\n\n\n\n<p><\/p>\n\n\n\n<figure class=\"wp-block-image size-full is-resized\"><img decoding=\"async\" loading=\"lazy\" src=\"https:\/\/fiic.lat\/wp-content\/uploads\/2025\/11\/image-6.png\" alt=\"\" class=\"wp-image-4749\" width=\"543\" height=\"361\" srcset=\"https:\/\/fiic.lat\/wp-content\/uploads\/2025\/11\/image-6.png 482w, https:\/\/fiic.lat\/wp-content\/uploads\/2025\/11\/image-6-300x199.png 300w, https:\/\/fiic.lat\/wp-content\/uploads\/2025\/11\/image-6-18x12.png 18w\" sizes=\"(max-width: 543px) 100vw, 543px\" \/><\/figure>\n\n\n\n<figure class=\"wp-block-image size-full\"><img decoding=\"async\" loading=\"lazy\" width=\"434\" height=\"325\" src=\"https:\/\/fiic.lat\/wp-content\/uploads\/2025\/11\/image-7.png\" alt=\"\" class=\"wp-image-4750\" srcset=\"https:\/\/fiic.lat\/wp-content\/uploads\/2025\/11\/image-7.png 434w, https:\/\/fiic.lat\/wp-content\/uploads\/2025\/11\/image-7-300x225.png 300w, https:\/\/fiic.lat\/wp-content\/uploads\/2025\/11\/image-7-16x12.png 16w\" sizes=\"(max-width: 434px) 100vw, 434px\" \/><\/figure>","protected":false},"excerpt":{"rendered":"<p>El presidente de la Federaci\u00f3n Interamericana de la Industria de la Construcci\u00f3n, Ing. Eduardo Ram\u00edrez Leal, particip\u00f3 en el BIM Forum M\u00e9xico 2025, donde dio un discurso inaugural ante autoridades, especialistas y representantes del sector. En su intervenci\u00f3n, el Ing. Eduardo Ram\u00edrez realiz\u00f3 un recuento hist\u00f3rico del desarrollo de BIM en Am\u00e9rica Latina, destacando que [&hellip;]<\/p>","protected":false},"author":6,"featured_media":0,"comment_status":"open","ping_status":"open","sticky":false,"template":"","format":"standard","meta":{"qubely_global_settings":"","qubely_interactions":""},"categories":[101,90,91,40],"tags":[],"blocksy_meta":"","qubely_featured_image_url":null,"qubely_author":{"display_name":"Noticias FIIC","author_link":"https:\/\/fiic.lat\/en\/author\/noticias\/"},"qubely_comment":25,"qubely_category":"<a href=\"https:\/\/fiic.lat\/en\/category\/mexico\/\" rel=\"category tag\">M\u00e9xico<\/a> <a href=\"https:\/\/fiic.lat\/en\/category\/noticia\/fiic\/\" rel=\"category tag\">FIIC<\/a> <a href=\"https:\/\/fiic.lat\/en\/category\/noticia\/inconet\/\" rel=\"category tag\">INCONET<\/a> <a href=\"https:\/\/fiic.lat\/en\/category\/noticia\/\" rel=\"category tag\">Noticia<\/a>","qubely_excerpt":"El presidente de la Federaci\u00f3n Interamericana de la Industria de la Construcci\u00f3n, Ing. Eduardo Ram\u00edrez Leal, particip\u00f3 en el BIM Forum M\u00e9xico 2025, donde dio un discurso inaugural ante autoridades, especialistas y representantes del sector. En su intervenci\u00f3n, el Ing. Eduardo Ram\u00edrez realiz\u00f3 un recuento hist\u00f3rico del desarrollo de BIM en Am\u00e9rica Latina, destacando que&hellip;","_links":{"self":[{"href":"https:\/\/fiic.lat\/en\/wp-json\/wp\/v2\/posts\/4748"}],"collection":[{"href":"https:\/\/fiic.lat\/en\/wp-json\/wp\/v2\/posts"}],"about":[{"href":"https:\/\/fiic.lat\/en\/wp-json\/wp\/v2\/types\/post"}],"author":[{"embeddable":true,"href":"https:\/\/fiic.lat\/en\/wp-json\/wp\/v2\/users\/6"}],"replies":[{"embeddable":true,"href":"https:\/\/fiic.lat\/en\/wp-json\/wp\/v2\/comments?post=4748"}],"version-history":[{"count":1,"href":"https:\/\/fiic.lat\/en\/wp-json\/wp\/v2\/posts\/4748\/revisions"}],"predecessor-version":[{"id":4751,"href":"https:\/\/fiic.lat\/en\/wp-json\/wp\/v2\/posts\/4748\/revisions\/4751"}],"wp:attachment":[{"href":"https:\/\/fiic.lat\/en\/wp-json\/wp\/v2\/media?parent=4748"}],"wp:term":[{"taxonomy":"category","embeddable":true,"href":"https:\/\/fiic.lat\/en\/wp-json\/wp\/v2\/categories?post=4748"},{"taxonomy":"post_tag","embeddable":true,"href":"https:\/\/fiic.lat\/en\/wp-json\/wp\/v2\/tags?post=4748"}],"curies":[{"name":"wp","href":"https:\/\/api.w.org\/{rel}","templated":true}]}}