{"id":4731,"date":"2025-11-10T18:56:41","date_gmt":"2025-11-10T17:56:41","guid":{"rendered":"https:\/\/fiic.lat\/?p=4731"},"modified":"2025-11-10T19:00:25","modified_gmt":"2025-11-10T18:00:25","slug":"dia-de-muertos-en-mexico-honramos-a-nuestros-fundadores-en-la-fiic","status":"publish","type":"post","link":"https:\/\/fiic.lat\/en\/dia-de-muertos-en-mexico-honramos-a-nuestros-fundadores-en-la-fiic\/","title":{"rendered":"D\u00eda de Muertos en M\u00e9xico: Honramos a Nuestros Fundadores en la FIIC"},"content":{"rendered":"<p><br>El D\u00eda de Muertos es una de las tradiciones m\u00e1s emblem\u00e1ticas y significativas de M\u00e9xico. Cada a\u00f1o, el 1 y 2 de noviembre, las familias mexicanas recuerdan con profundo respeto y cari\u00f1o a quienes ya no est\u00e1n f\u00edsicamente, pero siguen presentes en la memoria y en el coraz\u00f3n. A trav\u00e9s de ofrendas llenas de color, flores de cempas\u00fachil, veladoras, pan de muerto y fotograf\u00edas, se rinde homenaje a la vida y legado de quienes nos antecedieron.<br>En la Secretar\u00eda General, sede de la FIIC, tambi\u00e9n celebramos esta tradici\u00f3n con una peque\u00f1a ofrenda dedicada a los l\u00edderes y fundadores de nuestra organizaci\u00f3n. Con este gesto honramos su visi\u00f3n, su compromiso con la industria de la construcci\u00f3n en la regi\u00f3n y el camino que trazaron para fortalecer la integraci\u00f3n y cooperaci\u00f3n entre nuestros pa\u00edses.<\/p>\n\n\n\n<p><br>Hoy, recordamos con orgullo a quienes sembraron las bases de la FIIC y celebramos su legado, que contin\u00faa inspir\u00e1ndonos para construir un futuro s\u00f3lido y lleno de oportunidades para el sector en America Latina y el Caribe.<\/p>\n\n\n\n<figure class=\"wp-block-image size-large\"><img decoding=\"async\" loading=\"lazy\" width=\"1024\" height=\"576\" src=\"https:\/\/fiic.lat\/wp-content\/uploads\/2025\/11\/Imagen-de-WhatsApp-2025-11-07-a-las-12.29.03_1cf55ffa-1024x576.jpg\" alt=\"\" class=\"wp-image-4735\" srcset=\"https:\/\/fiic.lat\/wp-content\/uploads\/2025\/11\/Imagen-de-WhatsApp-2025-11-07-a-las-12.29.03_1cf55ffa-1024x576.jpg 1024w, https:\/\/fiic.lat\/wp-content\/uploads\/2025\/11\/Imagen-de-WhatsApp-2025-11-07-a-las-12.29.03_1cf55ffa-300x169.jpg 300w, https:\/\/fiic.lat\/wp-content\/uploads\/2025\/11\/Imagen-de-WhatsApp-2025-11-07-a-las-12.29.03_1cf55ffa-768x432.jpg 768w, https:\/\/fiic.lat\/wp-content\/uploads\/2025\/11\/Imagen-de-WhatsApp-2025-11-07-a-las-12.29.03_1cf55ffa-1536x864.jpg 1536w, https:\/\/fiic.lat\/wp-content\/uploads\/2025\/11\/Imagen-de-WhatsApp-2025-11-07-a-las-12.29.03_1cf55ffa-18x10.jpg 18w, https:\/\/fiic.lat\/wp-content\/uploads\/2025\/11\/Imagen-de-WhatsApp-2025-11-07-a-las-12.29.03_1cf55ffa.jpg 1600w\" sizes=\"(max-width: 1024px) 100vw, 1024px\" \/><\/figure>","protected":false},"excerpt":{"rendered":"<p>El D\u00eda de Muertos es una de las tradiciones m\u00e1s emblem\u00e1ticas y significativas de M\u00e9xico. Cada a\u00f1o, el 1 y 2 de noviembre, las familias mexicanas recuerdan con profundo respeto y cari\u00f1o a quienes ya no est\u00e1n f\u00edsicamente, pero siguen presentes en la memoria y en el coraz\u00f3n. A trav\u00e9s de ofrendas llenas de color, [&hellip;]<\/p>","protected":false},"author":6,"featured_media":0,"comment_status":"open","ping_status":"open","sticky":false,"template":"","format":"standard","meta":{"qubely_global_settings":"","qubely_interactions":""},"categories":[92,101],"tags":[],"blocksy_meta":"","qubely_featured_image_url":null,"qubely_author":{"display_name":"Noticias FIIC","author_link":"https:\/\/fiic.lat\/en\/author\/noticias\/"},"qubely_comment":17,"qubely_category":"<a href=\"https:\/\/fiic.lat\/en\/category\/noticia\/mujeres-fiic\/\" rel=\"category tag\">Mujeres FIIC<\/a> <a href=\"https:\/\/fiic.lat\/en\/category\/mexico\/\" rel=\"category tag\">M\u00e9xico<\/a>","qubely_excerpt":"El D\u00eda de Muertos es una de las tradiciones m\u00e1s emblem\u00e1ticas y significativas de M\u00e9xico. Cada a\u00f1o, el 1 y 2 de noviembre, las familias mexicanas recuerdan con profundo respeto y cari\u00f1o a quienes ya no est\u00e1n f\u00edsicamente, pero siguen presentes en la memoria y en el coraz\u00f3n. A trav\u00e9s de ofrendas llenas de color,&hellip;","_links":{"self":[{"href":"https:\/\/fiic.lat\/en\/wp-json\/wp\/v2\/posts\/4731"}],"collection":[{"href":"https:\/\/fiic.lat\/en\/wp-json\/wp\/v2\/posts"}],"about":[{"href":"https:\/\/fiic.lat\/en\/wp-json\/wp\/v2\/types\/post"}],"author":[{"embeddable":true,"href":"https:\/\/fiic.lat\/en\/wp-json\/wp\/v2\/users\/6"}],"replies":[{"embeddable":true,"href":"https:\/\/fiic.lat\/en\/wp-json\/wp\/v2\/comments?post=4731"}],"version-history":[{"count":3,"href":"https:\/\/fiic.lat\/en\/wp-json\/wp\/v2\/posts\/4731\/revisions"}],"predecessor-version":[{"id":4736,"href":"https:\/\/fiic.lat\/en\/wp-json\/wp\/v2\/posts\/4731\/revisions\/4736"}],"wp:attachment":[{"href":"https:\/\/fiic.lat\/en\/wp-json\/wp\/v2\/media?parent=4731"}],"wp:term":[{"taxonomy":"category","embeddable":true,"href":"https:\/\/fiic.lat\/en\/wp-json\/wp\/v2\/categories?post=4731"},{"taxonomy":"post_tag","embeddable":true,"href":"https:\/\/fiic.lat\/en\/wp-json\/wp\/v2\/tags?post=4731"}],"curies":[{"name":"wp","href":"https:\/\/api.w.org\/{rel}","templated":true}]}}