{"id":4728,"date":"2025-11-10T18:50:17","date_gmt":"2025-11-10T17:50:17","guid":{"rendered":"https:\/\/fiic.lat\/?p=4728"},"modified":"2025-11-12T01:32:01","modified_gmt":"2025-11-12T00:32:01","slug":"convenio-de-cooperacion-entre-los-hermanos-mariscal-y-la-federacion-interamericana-de-la-industria-de-la-construccion","status":"publish","type":"post","link":"https:\/\/fiic.lat\/en\/convenio-de-cooperacion-entre-los-hermanos-mariscal-y-la-federacion-interamericana-de-la-industria-de-la-construccion\/","title":{"rendered":"Convenio de Cooperaci\u00f3n entre los hermanos Mariscal y la Federaci\u00f3n Interamericana de la Industria de la Construcci\u00f3n."},"content":{"rendered":"<p>Se llev\u00f3 a cabo la firma del Convenio para el Reconocimiento Nicol\u00e1s y Jos\u00e9 Ignacio Mariscal a la Responsabilidad Social Empresarial (RSE) de la FIIC.<\/p>\n\n\n\n<p>El acuerdo, impulsado por la Federaci\u00f3n Interamericana de la Industria de la Construcci\u00f3n, busca promover y reconocer las mejores pr\u00e1cticas de Responsabilidad Social Empresarial en empresas del sector de la construcci\u00f3n en Am\u00e9rica Latina y el Caribe. El reconocimiento destacar\u00e1 la contribuci\u00f3n que estas realizan al bienestar social, al desarrollo comunitario y a la sostenibilidad ambiental.<\/p>\n\n\n\n<p><strong>Homenaje a una Trayectoria \u00c9tica y Social<\/strong><\/p>\n\n\n\n<p>Este premio lleva los nombres del Ing. Nicol\u00e1s Mariscal y su hermano, el Arq. Jos\u00e9 Ignacio Mariscal, en reconocimiento a su extensa trayectoria como impulsores del desarrollo sostenible, el bienestar social y la \u00e9tica empresarial.<\/p>\n\n\n\n<p>Ambos adem\u00e1s de su labor empresarial, han mostrado un profundo compromiso social con proyectos como:<\/p>\n\n\n\n<ul>\n<li>Jos\u00e9 Ignacio Mariscal fund\u00f3 el Instituto Mexicano de la Doctrina Social Cristiana y la Fundaci\u00f3n Le\u00f3n XIII.<\/li>\n\n\n\n<li>Nicol\u00e1s Mariscal es fundador y presidente de la C\u00e1tedra &#8220;Construir para el Bien Com\u00fan y el Desarrollo Sostenible\u201d y fue miembro del World Economic Forum, donde fundo Patnership Against Corruption y Disaster Resource Network.<\/li>\n<\/ul>\n\n\n\n<p>El reconocimiento retoma la iniciativa de un premio previo que la FIIC inici\u00f3 en 2012 junto con CAF, Banco de Desarrollo de Am\u00e9rica Latina y el Caribe como herramienta fundamental para la difusi\u00f3n de la RSE en la regi\u00f3n, el cual tuvo cuatro ediciones: 2012, 2014, 2016 y 2019.<\/p>\n\n\n\n<p>La ceremonia de firma cont\u00f3 con la presencia de destacadas personalidades que sellaron esta alianza:<\/p>\n\n\n\n<ul>\n<li>Ing. Eduardo Ram\u00edrez Leal, Presidente de la FIIC.<\/li>\n\n\n\n<li>Mtro. Luis Rafael M\u00e9ndez Jaled, Secretario General de la FIIC.<\/li>\n\n\n\n<li>Ing. Nicol\u00e1s Mariscal Torroella, Presidente del Consejo Marnos<\/li>\n\n\n\n<li>Arq. Jos\u00e9 Ignacio Mariscal Torroella, Presidente Ejecutivo Marnos<\/li>\n<\/ul>\n\n\n\n<p>Adem\u00e1s, el evento cont\u00f3 con un fuerte respaldo Latinoamericano, pues asistieron de manera virtual en plataformas como \u201czoom\u201d y \u00a0por medio de \u201clive\u201d en redes sociales presidentes y representantes de 16 C\u00e1maras de Am\u00e9rica Latina, miembros de la FIIC, adem\u00e1s del Presidente de la <a href=\"https:\/\/www.google.com\/search?q=Confederaci%C3%B3n+Internacional+de+Asociaciones+de+Constructores&amp;sca_esv=3f626f5782a50780&amp;ei=dRUSacO9L_PdkPIPsLfd6Q8&amp;ved=2ahUKEwixtqyBg-iQAxWvE0QIHYP9FeIQgK4QegQIARAD&amp;uact=5&amp;oq=confederacion+cica&amp;gs_lp=Egxnd3Mtd2l6LXNlcnAiEmNvbmZlZGVyYWNpb24gY2ljYTIGEAAYFhgeMgUQABjvBTIIEAAYogQYiQUyCBAAGKIEGIkFMgUQABjvBUjaB1DWBVjWBXABeAGQAQCYAXSgAXSqAQMwLjG4AQPIAQD4AQGYAgKgAoQBwgIKEAAYsAMY1gQYR5gDAIgGAZAGA5IHAzEuMaAHpAOyBwMwLjG4B4EBwgcHMC4xLjAuMcgHDA&amp;sclient=gws-wiz-serp&amp;mstk=AUtExfAT9-djh9afjUujt1Od7h5GC0LsMtm6tpLJR96v06rYTcDzRbf2MkMJPcTaU7An67T8FdGUv2U02cO_MMAZ3tuQTCN3fg6-pjgCd3i2ayOKNJnIEO_uLHmjSgq3yqPrllHBsqRomsOQfFTqW1uWnIiWp7L097uhhuHcNNUYcrn7eX5h7NnNJzCuhdsHqN8Lu-XdRYmTQ8GsIzQUPAP3Widiqw&amp;csui=3\" target=\"_blank\" rel=\"noopener\">Confederaci\u00f3n Internacional de Asociaciones de Constructores<\/a> (CICA), Ing. Juan Armando Vicu\u00f1a.<\/p>\n\n\n\n<figure class=\"wp-block-image size-full is-resized\"><img decoding=\"async\" loading=\"lazy\" src=\"https:\/\/fiic.lat\/wp-content\/uploads\/2025\/11\/image.png\" alt=\"\" class=\"wp-image-4729\" width=\"642\" height=\"383\" srcset=\"https:\/\/fiic.lat\/wp-content\/uploads\/2025\/11\/image.png 508w, https:\/\/fiic.lat\/wp-content\/uploads\/2025\/11\/image-300x179.png 300w, https:\/\/fiic.lat\/wp-content\/uploads\/2025\/11\/image-18x12.png 18w\" sizes=\"(max-width: 642px) 100vw, 642px\" \/><\/figure>","protected":false},"excerpt":{"rendered":"<p>Se llev\u00f3 a cabo la firma del Convenio para el Reconocimiento Nicol\u00e1s y Jos\u00e9 Ignacio Mariscal a la Responsabilidad Social Empresarial (RSE) de la FIIC. El acuerdo, impulsado por la Federaci\u00f3n Interamericana de la Industria de la Construcci\u00f3n, busca promover y reconocer las mejores pr\u00e1cticas de Responsabilidad Social Empresarial en empresas del sector de la [&hellip;]<\/p>","protected":false},"author":6,"featured_media":0,"comment_status":"open","ping_status":"open","sticky":false,"template":"","format":"standard","meta":{"qubely_global_settings":"","qubely_interactions":""},"categories":[95,108,90,101],"tags":[],"blocksy_meta":"","qubely_featured_image_url":null,"qubely_author":{"display_name":"Noticias FIIC","author_link":"https:\/\/fiic.lat\/en\/author\/noticias\/"},"qubely_comment":11,"qubely_category":"<a href=\"https:\/\/fiic.lat\/en\/category\/cica\/\" rel=\"category tag\">CICA<\/a> <a href=\"https:\/\/fiic.lat\/en\/category\/caf\/\" rel=\"category tag\">CAF<\/a> <a href=\"https:\/\/fiic.lat\/en\/category\/noticia\/fiic\/\" rel=\"category tag\">FIIC<\/a> <a href=\"https:\/\/fiic.lat\/en\/category\/mexico\/\" rel=\"category tag\">M\u00e9xico<\/a>","qubely_excerpt":"Se llev\u00f3 a cabo la firma del Convenio para el Reconocimiento Nicol\u00e1s y Jos\u00e9 Ignacio Mariscal a la Responsabilidad Social Empresarial (RSE) de la FIIC. El acuerdo, impulsado por la Federaci\u00f3n Interamericana de la Industria de la Construcci\u00f3n, busca promover y reconocer las mejores pr\u00e1cticas de Responsabilidad Social Empresarial en empresas del sector de la&hellip;","_links":{"self":[{"href":"https:\/\/fiic.lat\/en\/wp-json\/wp\/v2\/posts\/4728"}],"collection":[{"href":"https:\/\/fiic.lat\/en\/wp-json\/wp\/v2\/posts"}],"about":[{"href":"https:\/\/fiic.lat\/en\/wp-json\/wp\/v2\/types\/post"}],"author":[{"embeddable":true,"href":"https:\/\/fiic.lat\/en\/wp-json\/wp\/v2\/users\/6"}],"replies":[{"embeddable":true,"href":"https:\/\/fiic.lat\/en\/wp-json\/wp\/v2\/comments?post=4728"}],"version-history":[{"count":3,"href":"https:\/\/fiic.lat\/en\/wp-json\/wp\/v2\/posts\/4728\/revisions"}],"predecessor-version":[{"id":4738,"href":"https:\/\/fiic.lat\/en\/wp-json\/wp\/v2\/posts\/4728\/revisions\/4738"}],"wp:attachment":[{"href":"https:\/\/fiic.lat\/en\/wp-json\/wp\/v2\/media?parent=4728"}],"wp:term":[{"taxonomy":"category","embeddable":true,"href":"https:\/\/fiic.lat\/en\/wp-json\/wp\/v2\/categories?post=4728"},{"taxonomy":"post_tag","embeddable":true,"href":"https:\/\/fiic.lat\/en\/wp-json\/wp\/v2\/tags?post=4728"}],"curies":[{"name":"wp","href":"https:\/\/api.w.org\/{rel}","templated":true}]}}