{"id":4705,"date":"2025-10-16T21:28:42","date_gmt":"2025-10-16T19:28:42","guid":{"rendered":"https:\/\/fiic.lat\/?p=4705"},"modified":"2025-10-17T01:13:43","modified_gmt":"2025-10-16T23:13:43","slug":"relevante-participacion-de-la-oit-y-caf-en-la-reunion-plenaria-de-comisiones-fiic","status":"publish","type":"post","link":"https:\/\/fiic.lat\/en\/relevante-participacion-de-la-oit-y-caf-en-la-reunion-plenaria-de-comisiones-fiic\/","title":{"rendered":"Relevante participaci\u00f3n de la OIT y CAF en la Reuni\u00f3n Plenaria de Comisiones FIIC"},"content":{"rendered":"<p>Durante el 92\u00b0 Consejo Directivo de la Federaci\u00f3n Interamericana de la Industria de la Construcci\u00f3n (FIIC), realizado en R\u00edo de Janeiro, Brasil, el pasado 25 de septiembre tuvo lugar la reuni\u00f3n de las Comisiones FIIC, un espacio de intercambio t\u00e9cnico y de fortalecimiento institucional previo a la elecci\u00f3n de las nuevas autoridades de la Federaci\u00f3n.<\/p>\n\n\n\n<p>Durante la jornada, representantes de las distintas comisiones abordaron temas estrat\u00e9gicos relacionados con la productividad, sostenibilidad y el desarrollo del sector de la construcci\u00f3n en la regi\u00f3n. Adem\u00e1s, se analiz\u00f3 el avance del mapeo ESG (ambiental, social y de gobernanza) que la FIIC viene trabajando dentro del convenio suscrito con la Organizaci\u00f3n Internacional del Trabajo (OIT), con el objetivo de identificar buenas pr\u00e1cticas y promover est\u00e1ndares responsables dentro del sector.<\/p>\n\n\n\n<p>La reuni\u00f3n cont\u00f3 con la participaci\u00f3n de la representante de OIT, Karen Rosales, especialista en actividades con empleadores, quien comparti\u00f3 perspectivas sobre los desaf\u00edos y oportunidades que enfrenta la industria de la construcci\u00f3n en materia de empleo digno, formaci\u00f3n y di\u00e1logo social.<\/p>\n\n\n\n<p>As\u00ed mismo contamos con la participaci\u00f3n del representante del Banco de Desarrollo de America Latina y el Caribe, (CAF), Fabian Ibarburu, Gerente General CAF-AM, quien hablo sobre el financiamiento sostenible y los fondos de deuda para infraestructura y corporaci\u00f3n andina de fomento. <\/p>\n\n\n\n<figure class=\"wp-block-image size-large is-resized\"><img decoding=\"async\" loading=\"lazy\" src=\"https:\/\/fiic.lat\/wp-content\/uploads\/2025\/10\/WhatsApp-Image-2025-10-16-at-12.46.04-PM-1024x571.jpeg\" alt=\"\" class=\"wp-image-4715\" width=\"665\" height=\"371\" srcset=\"https:\/\/fiic.lat\/wp-content\/uploads\/2025\/10\/WhatsApp-Image-2025-10-16-at-12.46.04-PM-1024x571.jpeg 1024w, https:\/\/fiic.lat\/wp-content\/uploads\/2025\/10\/WhatsApp-Image-2025-10-16-at-12.46.04-PM-300x167.jpeg 300w, https:\/\/fiic.lat\/wp-content\/uploads\/2025\/10\/WhatsApp-Image-2025-10-16-at-12.46.04-PM-768x428.jpeg 768w, https:\/\/fiic.lat\/wp-content\/uploads\/2025\/10\/WhatsApp-Image-2025-10-16-at-12.46.04-PM-18x10.jpeg 18w, https:\/\/fiic.lat\/wp-content\/uploads\/2025\/10\/WhatsApp-Image-2025-10-16-at-12.46.04-PM.jpeg 1125w\" sizes=\"(max-width: 665px) 100vw, 665px\" \/><\/figure>\n\n\n\n<figure class=\"wp-block-image size-large is-resized\"><img decoding=\"async\" loading=\"lazy\" src=\"https:\/\/fiic.lat\/wp-content\/uploads\/2025\/10\/WhatsApp-Image-2025-10-16-at-1.11.15-PM-1024x768.jpeg\" alt=\"\" class=\"wp-image-4716\" width=\"665\" height=\"498\" srcset=\"https:\/\/fiic.lat\/wp-content\/uploads\/2025\/10\/WhatsApp-Image-2025-10-16-at-1.11.15-PM-1024x768.jpeg 1024w, https:\/\/fiic.lat\/wp-content\/uploads\/2025\/10\/WhatsApp-Image-2025-10-16-at-1.11.15-PM-300x225.jpeg 300w, https:\/\/fiic.lat\/wp-content\/uploads\/2025\/10\/WhatsApp-Image-2025-10-16-at-1.11.15-PM-768x576.jpeg 768w, https:\/\/fiic.lat\/wp-content\/uploads\/2025\/10\/WhatsApp-Image-2025-10-16-at-1.11.15-PM-16x12.jpeg 16w, https:\/\/fiic.lat\/wp-content\/uploads\/2025\/10\/WhatsApp-Image-2025-10-16-at-1.11.15-PM.jpeg 1168w\" sizes=\"(max-width: 665px) 100vw, 665px\" \/><\/figure>","protected":false},"excerpt":{"rendered":"<p>Durante el 92\u00b0 Consejo Directivo de la Federaci\u00f3n Interamericana de la Industria de la Construcci\u00f3n (FIIC), realizado en R\u00edo de Janeiro, Brasil, el pasado 25 de septiembre tuvo lugar la reuni\u00f3n de las Comisiones FIIC, un espacio de intercambio t\u00e9cnico y de fortalecimiento institucional previo a la elecci\u00f3n de las nuevas autoridades de la Federaci\u00f3n. [&hellip;]<\/p>","protected":false},"author":6,"featured_media":0,"comment_status":"open","ping_status":"open","sticky":false,"template":"","format":"standard","meta":{"qubely_global_settings":"","qubely_interactions":""},"categories":[93,108,109],"tags":[],"blocksy_meta":"","qubely_featured_image_url":null,"qubely_author":{"display_name":"Noticias FIIC","author_link":"https:\/\/fiic.lat\/en\/author\/noticias\/"},"qubely_comment":13,"qubely_category":"<a href=\"https:\/\/fiic.lat\/en\/category\/brasil\/\" rel=\"category tag\">Brasil<\/a> <a href=\"https:\/\/fiic.lat\/en\/category\/caf\/\" rel=\"category tag\">CAF<\/a> <a href=\"https:\/\/fiic.lat\/en\/category\/oit\/\" rel=\"category tag\">OIT<\/a>","qubely_excerpt":"Durante el 92\u00b0 Consejo Directivo de la Federaci\u00f3n Interamericana de la Industria de la Construcci\u00f3n (FIIC), realizado en R\u00edo de Janeiro, Brasil, el pasado 25 de septiembre tuvo lugar la reuni\u00f3n de las Comisiones FIIC, un espacio de intercambio t\u00e9cnico y de fortalecimiento institucional previo a la elecci\u00f3n de las nuevas autoridades de la Federaci\u00f3n.&hellip;","_links":{"self":[{"href":"https:\/\/fiic.lat\/en\/wp-json\/wp\/v2\/posts\/4705"}],"collection":[{"href":"https:\/\/fiic.lat\/en\/wp-json\/wp\/v2\/posts"}],"about":[{"href":"https:\/\/fiic.lat\/en\/wp-json\/wp\/v2\/types\/post"}],"author":[{"embeddable":true,"href":"https:\/\/fiic.lat\/en\/wp-json\/wp\/v2\/users\/6"}],"replies":[{"embeddable":true,"href":"https:\/\/fiic.lat\/en\/wp-json\/wp\/v2\/comments?post=4705"}],"version-history":[{"count":2,"href":"https:\/\/fiic.lat\/en\/wp-json\/wp\/v2\/posts\/4705\/revisions"}],"predecessor-version":[{"id":4718,"href":"https:\/\/fiic.lat\/en\/wp-json\/wp\/v2\/posts\/4705\/revisions\/4718"}],"wp:attachment":[{"href":"https:\/\/fiic.lat\/en\/wp-json\/wp\/v2\/media?parent=4705"}],"wp:term":[{"taxonomy":"category","embeddable":true,"href":"https:\/\/fiic.lat\/en\/wp-json\/wp\/v2\/categories?post=4705"},{"taxonomy":"post_tag","embeddable":true,"href":"https:\/\/fiic.lat\/en\/wp-json\/wp\/v2\/tags?post=4705"}],"curies":[{"name":"wp","href":"https:\/\/api.w.org\/{rel}","templated":true}]}}