{"id":4702,"date":"2025-10-16T21:24:05","date_gmt":"2025-10-16T19:24:05","guid":{"rendered":"https:\/\/fiic.lat\/?p=4702"},"modified":"2025-10-16T21:31:35","modified_gmt":"2025-10-16T19:31:35","slug":"mujeres-fiic-recorren-la-historia-y-el-encanto-de-rio-de-janeiro","status":"publish","type":"post","link":"https:\/\/fiic.lat\/en\/mujeres-fiic-recorren-la-historia-y-el-encanto-de-rio-de-janeiro\/","title":{"rendered":"Mujeres FIIC recorren la historia y el encanto de R\u00edo de Janeiro"},"content":{"rendered":"<p>Durante el 92\u00b0 Consejo Directivo de la Federaci\u00f3n Interamericana de la Industria de la Construcci\u00f3n (FIIC), celebrado en R\u00edo de Janeiro, las Mujeres FIIC vivieron dos jornadas llenas de historia, cultura y compa\u00f1erismo en su recorrido por los lugares m\u00e1s emblem\u00e1ticos de la ciudad y sus alrededores.<\/p>\n\n\n\n<p>El grupo inici\u00f3 con un tour hist\u00f3rico por el centro de R\u00edo de Janeiro, Brasil, donde conocieron la Pra\u00e7a XV de Novembro, el Pa\u00e7o Imperial y los ic\u00f3nicos Arcos da Lapa. Tambi\u00e9n visitaron la colorida Escadaria Selar\u00f3n y la imponente Catedral Metropolitana de S\u00e3o Sebasti\u00e3o, admirando el contraste entre la arquitectura colonial y moderna que define a la ciudad.<\/p>\n\n\n\n<p>Al d\u00eda siguiente, se trasladaron a la Ciudad Imperial de Petr\u00f3polis, antiguo refugio de verano del emperador Dom Pedro II. En medio de paisajes monta\u00f1osos y un ambiente sereno, las acompa\u00f1antes visitaron el Museo Imperial, la Catedral de San Pedro de Alc\u00e2ntara, el Palacio de Cristal y la Casa de Santos Dumont.<\/p>\n\n\n\n<p>Entre sonrisas, fotograf\u00edas y momentos compartidos, las Mujeres FIIC disfrutaron de una experiencia \u00fanica que combin\u00f3 cultura, historia y amistad, dejando huella de su presencia a lo largo de este importante encuentro regional.<\/p>\n\n\n\n<figure class=\"wp-block-image size-large\"><img decoding=\"async\" loading=\"lazy\" width=\"1024\" height=\"768\" src=\"https:\/\/fiic.lat\/wp-content\/uploads\/2025\/10\/WhatsApp-Image-2025-10-15-at-10.40.16-AM-1024x768.jpeg\" alt=\"\" class=\"wp-image-4703\" srcset=\"https:\/\/fiic.lat\/wp-content\/uploads\/2025\/10\/WhatsApp-Image-2025-10-15-at-10.40.16-AM-1024x768.jpeg 1024w, https:\/\/fiic.lat\/wp-content\/uploads\/2025\/10\/WhatsApp-Image-2025-10-15-at-10.40.16-AM-300x225.jpeg 300w, https:\/\/fiic.lat\/wp-content\/uploads\/2025\/10\/WhatsApp-Image-2025-10-15-at-10.40.16-AM-768x576.jpeg 768w, https:\/\/fiic.lat\/wp-content\/uploads\/2025\/10\/WhatsApp-Image-2025-10-15-at-10.40.16-AM-16x12.jpeg 16w, https:\/\/fiic.lat\/wp-content\/uploads\/2025\/10\/WhatsApp-Image-2025-10-15-at-10.40.16-AM.jpeg 1280w\" sizes=\"(max-width: 1024px) 100vw, 1024px\" \/><\/figure>","protected":false},"excerpt":{"rendered":"<p>Durante el 92\u00b0 Consejo Directivo de la Federaci\u00f3n Interamericana de la Industria de la Construcci\u00f3n (FIIC), celebrado en R\u00edo de Janeiro, las Mujeres FIIC vivieron dos jornadas llenas de historia, cultura y compa\u00f1erismo en su recorrido por los lugares m\u00e1s emblem\u00e1ticos de la ciudad y sus alrededores. El grupo inici\u00f3 con un tour hist\u00f3rico por [&hellip;]<\/p>","protected":false},"author":6,"featured_media":0,"comment_status":"open","ping_status":"open","sticky":false,"template":"","format":"standard","meta":{"qubely_global_settings":"","qubely_interactions":""},"categories":[92,93,96],"tags":[],"blocksy_meta":"","qubely_featured_image_url":null,"qubely_author":{"display_name":"Noticias FIIC","author_link":"https:\/\/fiic.lat\/en\/author\/noticias\/"},"qubely_comment":2,"qubely_category":"<a href=\"https:\/\/fiic.lat\/en\/category\/noticia\/mujeres-fiic\/\" rel=\"category tag\">Mujeres FIIC<\/a> <a href=\"https:\/\/fiic.lat\/en\/category\/brasil\/\" rel=\"category tag\">Brasil<\/a> <a href=\"https:\/\/fiic.lat\/en\/category\/inclusion-de-la-mujer\/\" rel=\"category tag\">Inclusi\u00f3n de la Mujer<\/a>","qubely_excerpt":"Durante el 92\u00b0 Consejo Directivo de la Federaci\u00f3n Interamericana de la Industria de la Construcci\u00f3n (FIIC), celebrado en R\u00edo de Janeiro, las Mujeres FIIC vivieron dos jornadas llenas de historia, cultura y compa\u00f1erismo en su recorrido por los lugares m\u00e1s emblem\u00e1ticos de la ciudad y sus alrededores. El grupo inici\u00f3 con un tour hist\u00f3rico por&hellip;","_links":{"self":[{"href":"https:\/\/fiic.lat\/en\/wp-json\/wp\/v2\/posts\/4702"}],"collection":[{"href":"https:\/\/fiic.lat\/en\/wp-json\/wp\/v2\/posts"}],"about":[{"href":"https:\/\/fiic.lat\/en\/wp-json\/wp\/v2\/types\/post"}],"author":[{"embeddable":true,"href":"https:\/\/fiic.lat\/en\/wp-json\/wp\/v2\/users\/6"}],"replies":[{"embeddable":true,"href":"https:\/\/fiic.lat\/en\/wp-json\/wp\/v2\/comments?post=4702"}],"version-history":[{"count":3,"href":"https:\/\/fiic.lat\/en\/wp-json\/wp\/v2\/posts\/4702\/revisions"}],"predecessor-version":[{"id":4711,"href":"https:\/\/fiic.lat\/en\/wp-json\/wp\/v2\/posts\/4702\/revisions\/4711"}],"wp:attachment":[{"href":"https:\/\/fiic.lat\/en\/wp-json\/wp\/v2\/media?parent=4702"}],"wp:term":[{"taxonomy":"category","embeddable":true,"href":"https:\/\/fiic.lat\/en\/wp-json\/wp\/v2\/categories?post=4702"},{"taxonomy":"post_tag","embeddable":true,"href":"https:\/\/fiic.lat\/en\/wp-json\/wp\/v2\/tags?post=4702"}],"curies":[{"name":"wp","href":"https:\/\/api.w.org\/{rel}","templated":true}]}}