{"id":4698,"date":"2025-10-13T19:51:47","date_gmt":"2025-10-13T17:51:47","guid":{"rendered":"https:\/\/fiic.lat\/?p=4698"},"modified":"2025-10-17T01:57:04","modified_gmt":"2025-10-16T23:57:04","slug":"nuevas-autoridades-fiic","status":"publish","type":"post","link":"https:\/\/fiic.lat\/en\/nuevas-autoridades-fiic\/","title":{"rendered":"Nuevas autoridades FIIC"},"content":{"rendered":"<p>Del 24 al 26 de septiembre, en la ciudad de R\u00edo de Janeiro, Brasil, se llev\u00f3 a cabo el 92\u00b0 Consejo Directivo de la Federaci\u00f3n Interamericana de la Industria de la Construcci\u00f3n (FIIC), reuniendo a representantes de los 18 pa\u00edses miembros de Am\u00e9rica Latina y el Caribe. Durante esta importante semana de trabajo, se realizaron diversas reuniones t\u00e9cnicas, mesas de di\u00e1logo y encuentros orientados a fortalecer la cooperaci\u00f3n regional y promover la productividad en el sector de la construcci\u00f3n.<\/p>\n\n\n\n<p>El punto culminante del encuentro tuvo lugar el 26 de septiembre, cuando, en el marco de la Asamblea General de la FIIC, se celebr\u00f3 la elecci\u00f3n de las nuevas autoridades para el per\u00edodo 2025-2027. Este proceso marc\u00f3 un momento decisivo para el fortalecimiento institucional de la organizaci\u00f3n, reafirmando su compromiso con la integraci\u00f3n y el desarrollo sostenible del sector en la regi\u00f3n.<\/p>\n\n\n\n<p>Las nuevas autoridades electas son:<\/p>\n\n\n\n<ul>\n<li>Presidente: Ing. Eduardo Ram\u00edrez Leal (M\u00e9xico)<\/li>\n\n\n\n<li>Primer Vicepresidente: Ing. Carlos Trejos (Costa Rica)<\/li>\n\n\n\n<li>Segundo Vicepresidente: Ing. Murillo Allevato (Brasil)<\/li>\n\n\n\n<li>Secretario General: Mtro. Luis Rafael M\u00e9ndez Jaled (M\u00e9xico)<\/li>\n<\/ul>\n\n\n\n<p>Con esta renovaci\u00f3n de liderazgo, la FIIC refuerza su misi\u00f3n de fomentar la colaboraci\u00f3n, el intercambio de experiencias y la representaci\u00f3n de los intereses del sector construcci\u00f3n a nivel internacional, consolidando una visi\u00f3n compartida para el futuro de la infraestructura en Am\u00e9rica Latina y el Caribe.<\/p>\n\n\n\n<figure class=\"wp-block-image aligncenter size-full is-resized\"><img decoding=\"async\" loading=\"lazy\" src=\"https:\/\/fiic.lat\/wp-content\/uploads\/2025\/10\/WhatsApp-Image-2025-10-16-at-11.15.14-AM.jpeg\" alt=\"\" class=\"wp-image-4713\" width=\"416\" height=\"262\" srcset=\"https:\/\/fiic.lat\/wp-content\/uploads\/2025\/10\/WhatsApp-Image-2025-10-16-at-11.15.14-AM.jpeg 912w, https:\/\/fiic.lat\/wp-content\/uploads\/2025\/10\/WhatsApp-Image-2025-10-16-at-11.15.14-AM-300x189.jpeg 300w, https:\/\/fiic.lat\/wp-content\/uploads\/2025\/10\/WhatsApp-Image-2025-10-16-at-11.15.14-AM-768x483.jpeg 768w, https:\/\/fiic.lat\/wp-content\/uploads\/2025\/10\/WhatsApp-Image-2025-10-16-at-11.15.14-AM-18x12.jpeg 18w\" sizes=\"(max-width: 416px) 100vw, 416px\" \/><figcaption class=\"wp-element-caption\">De izquierda a derecha Mtro. Luis Rafael M\u00e9ndez Jaled, Ing. Eduardo Ram\u00edrez Leal e Ing. Murillo Allevato. <\/figcaption><\/figure>\n\n\n\n<figure class=\"wp-block-image aligncenter size-large is-resized\"><img decoding=\"async\" loading=\"lazy\" src=\"https:\/\/fiic.lat\/wp-content\/uploads\/2025\/10\/WhatsApp-Image-2025-10-16-at-5.53.07-PM-576x1024.jpeg\" alt=\"\" class=\"wp-image-4722\" width=\"372\" height=\"660\" srcset=\"https:\/\/fiic.lat\/wp-content\/uploads\/2025\/10\/WhatsApp-Image-2025-10-16-at-5.53.07-PM-576x1024.jpeg 576w, https:\/\/fiic.lat\/wp-content\/uploads\/2025\/10\/WhatsApp-Image-2025-10-16-at-5.53.07-PM-169x300.jpeg 169w, https:\/\/fiic.lat\/wp-content\/uploads\/2025\/10\/WhatsApp-Image-2025-10-16-at-5.53.07-PM-768x1365.jpeg 768w, https:\/\/fiic.lat\/wp-content\/uploads\/2025\/10\/WhatsApp-Image-2025-10-16-at-5.53.07-PM-864x1536.jpeg 864w, https:\/\/fiic.lat\/wp-content\/uploads\/2025\/10\/WhatsApp-Image-2025-10-16-at-5.53.07-PM-7x12.jpeg 7w, https:\/\/fiic.lat\/wp-content\/uploads\/2025\/10\/WhatsApp-Image-2025-10-16-at-5.53.07-PM.jpeg 900w\" sizes=\"(max-width: 372px) 100vw, 372px\" \/><\/figure>","protected":false},"excerpt":{"rendered":"<p>Del 24 al 26 de septiembre, en la ciudad de R\u00edo de Janeiro, Brasil, se llev\u00f3 a cabo el 92\u00b0 Consejo Directivo de la Federaci\u00f3n Interamericana de la Industria de la Construcci\u00f3n (FIIC), reuniendo a representantes de los 18 pa\u00edses miembros de Am\u00e9rica Latina y el Caribe. Durante esta importante semana de trabajo, se realizaron [&hellip;]<\/p>","protected":false},"author":6,"featured_media":0,"comment_status":"open","ping_status":"open","sticky":false,"template":"","format":"standard","meta":{"qubely_global_settings":"","qubely_interactions":""},"categories":[40],"tags":[],"blocksy_meta":"","qubely_featured_image_url":null,"qubely_author":{"display_name":"Noticias FIIC","author_link":"https:\/\/fiic.lat\/en\/author\/noticias\/"},"qubely_comment":3,"qubely_category":"<a href=\"https:\/\/fiic.lat\/en\/category\/noticia\/\" rel=\"category tag\">Noticia<\/a>","qubely_excerpt":"Del 24 al 26 de septiembre, en la ciudad de R\u00edo de Janeiro, Brasil, se llev\u00f3 a cabo el 92\u00b0 Consejo Directivo de la Federaci\u00f3n Interamericana de la Industria de la Construcci\u00f3n (FIIC), reuniendo a representantes de los 18 pa\u00edses miembros de Am\u00e9rica Latina y el Caribe. Durante esta importante semana de trabajo, se realizaron&hellip;","_links":{"self":[{"href":"https:\/\/fiic.lat\/en\/wp-json\/wp\/v2\/posts\/4698"}],"collection":[{"href":"https:\/\/fiic.lat\/en\/wp-json\/wp\/v2\/posts"}],"about":[{"href":"https:\/\/fiic.lat\/en\/wp-json\/wp\/v2\/types\/post"}],"author":[{"embeddable":true,"href":"https:\/\/fiic.lat\/en\/wp-json\/wp\/v2\/users\/6"}],"replies":[{"embeddable":true,"href":"https:\/\/fiic.lat\/en\/wp-json\/wp\/v2\/comments?post=4698"}],"version-history":[{"count":9,"href":"https:\/\/fiic.lat\/en\/wp-json\/wp\/v2\/posts\/4698\/revisions"}],"predecessor-version":[{"id":4726,"href":"https:\/\/fiic.lat\/en\/wp-json\/wp\/v2\/posts\/4698\/revisions\/4726"}],"wp:attachment":[{"href":"https:\/\/fiic.lat\/en\/wp-json\/wp\/v2\/media?parent=4698"}],"wp:term":[{"taxonomy":"category","embeddable":true,"href":"https:\/\/fiic.lat\/en\/wp-json\/wp\/v2\/categories?post=4698"},{"taxonomy":"post_tag","embeddable":true,"href":"https:\/\/fiic.lat\/en\/wp-json\/wp\/v2\/tags?post=4698"}],"curies":[{"name":"wp","href":"https:\/\/api.w.org\/{rel}","templated":true}]}}