{"id":4693,"date":"2025-09-23T17:37:24","date_gmt":"2025-09-23T15:37:24","guid":{"rendered":"https:\/\/fiic.lat\/?p=4693"},"modified":"2025-09-23T17:38:05","modified_gmt":"2025-09-23T15:38:05","slug":"lanzamiento-biblioteca-bim-camara-costarricense-ccc","status":"publish","type":"post","link":"https:\/\/fiic.lat\/en\/lanzamiento-biblioteca-bim-camara-costarricense-ccc\/","title":{"rendered":"Lanzamiento Biblioteca BIM C\u00e1mara Costarricense, CCC."},"content":{"rendered":"<p>La C\u00e1mara Costarricense de la Construcci\u00f3n (CCC) lanz\u00f3 la primera Biblioteca BIM (Building Information Modeling) del pa\u00eds, un espacio en l\u00ednea que reunir\u00e1 objetos y componentes constructivos estandarizados, listos para ser descargados e integrados en los proyectos de arquitectos, ingenieros y constructores.<\/p>\n\n\n\n<p>La inauguraci\u00f3n se realiz\u00f3 el jueves 11 de septiembre en el auditorio de la CCC en Tib\u00e1s, marcando un hito para la transformaci\u00f3n digital en el sector de la construcci\u00f3n.<\/p>\n\n\n\n<figure class=\"wp-block-image size-full is-resized\"><img decoding=\"async\" loading=\"lazy\" src=\"https:\/\/fiic.lat\/wp-content\/uploads\/2025\/09\/1756500528791.jpg\" alt=\"\" class=\"wp-image-4694\" width=\"572\" height=\"479\" srcset=\"https:\/\/fiic.lat\/wp-content\/uploads\/2025\/09\/1756500528791.jpg 800w, https:\/\/fiic.lat\/wp-content\/uploads\/2025\/09\/1756500528791-300x251.jpg 300w, https:\/\/fiic.lat\/wp-content\/uploads\/2025\/09\/1756500528791-768x643.jpg 768w, https:\/\/fiic.lat\/wp-content\/uploads\/2025\/09\/1756500528791-14x12.jpg 14w\" sizes=\"(max-width: 572px) 100vw, 572px\" \/><\/figure>","protected":false},"excerpt":{"rendered":"<p>La C\u00e1mara Costarricense de la Construcci\u00f3n (CCC) lanz\u00f3 la primera Biblioteca BIM (Building Information Modeling) del pa\u00eds, un espacio en l\u00ednea que reunir\u00e1 objetos y componentes constructivos estandarizados, listos para ser descargados e integrados en los proyectos de arquitectos, ingenieros y constructores. La inauguraci\u00f3n se realiz\u00f3 el jueves 11 de septiembre en el auditorio de [&hellip;]<\/p>","protected":false},"author":6,"featured_media":0,"comment_status":"open","ping_status":"open","sticky":false,"template":"","format":"standard","meta":{"qubely_global_settings":"","qubely_interactions":""},"categories":[94,40],"tags":[],"blocksy_meta":"","qubely_featured_image_url":null,"qubely_author":{"display_name":"Noticias FIIC","author_link":"https:\/\/fiic.lat\/en\/author\/noticias\/"},"qubely_comment":10,"qubely_category":"<a href=\"https:\/\/fiic.lat\/en\/category\/costa-rica\/\" rel=\"category tag\">Costa Rica<\/a> <a href=\"https:\/\/fiic.lat\/en\/category\/noticia\/\" rel=\"category tag\">Noticia<\/a>","qubely_excerpt":"La C\u00e1mara Costarricense de la Construcci\u00f3n (CCC) lanz\u00f3 la primera Biblioteca BIM (Building Information Modeling) del pa\u00eds, un espacio en l\u00ednea que reunir\u00e1 objetos y componentes constructivos estandarizados, listos para ser descargados e integrados en los proyectos de arquitectos, ingenieros y constructores. La inauguraci\u00f3n se realiz\u00f3 el jueves 11 de septiembre en el auditorio de&hellip;","_links":{"self":[{"href":"https:\/\/fiic.lat\/en\/wp-json\/wp\/v2\/posts\/4693"}],"collection":[{"href":"https:\/\/fiic.lat\/en\/wp-json\/wp\/v2\/posts"}],"about":[{"href":"https:\/\/fiic.lat\/en\/wp-json\/wp\/v2\/types\/post"}],"author":[{"embeddable":true,"href":"https:\/\/fiic.lat\/en\/wp-json\/wp\/v2\/users\/6"}],"replies":[{"embeddable":true,"href":"https:\/\/fiic.lat\/en\/wp-json\/wp\/v2\/comments?post=4693"}],"version-history":[{"count":2,"href":"https:\/\/fiic.lat\/en\/wp-json\/wp\/v2\/posts\/4693\/revisions"}],"predecessor-version":[{"id":4696,"href":"https:\/\/fiic.lat\/en\/wp-json\/wp\/v2\/posts\/4693\/revisions\/4696"}],"wp:attachment":[{"href":"https:\/\/fiic.lat\/en\/wp-json\/wp\/v2\/media?parent=4693"}],"wp:term":[{"taxonomy":"category","embeddable":true,"href":"https:\/\/fiic.lat\/en\/wp-json\/wp\/v2\/categories?post=4693"},{"taxonomy":"post_tag","embeddable":true,"href":"https:\/\/fiic.lat\/en\/wp-json\/wp\/v2\/tags?post=4693"}],"curies":[{"name":"wp","href":"https:\/\/api.w.org\/{rel}","templated":true}]}}