{"id":4689,"date":"2025-09-23T17:26:23","date_gmt":"2025-09-23T15:26:23","guid":{"rendered":"https:\/\/fiic.lat\/?p=4689"},"modified":"2025-09-23T17:26:23","modified_gmt":"2025-09-23T15:26:23","slug":"independencias-de-septiembre-valores-que-fortalecen-nuestra-region","status":"publish","type":"post","link":"https:\/\/fiic.lat\/en\/independencias-de-septiembre-valores-que-fortalecen-nuestra-region\/","title":{"rendered":"Independencias de Septiembre: Valores que Fortalecen Nuestra Regi\u00f3n"},"content":{"rendered":"<p>En Am\u00e9rica Latina, septiembre es un mes de gran significado hist\u00f3rico. Adem\u00e1s de M\u00e9xico, varias naciones celebran en estas fechas el inicio de su vida independiente: Guatemala, El Salvador, Honduras, Nicaragua y Costa Rica el 15; Chile el 18; y Belice el 21.<\/p>\n\n\n\n<p>Estas conmemoraciones nos invitan a reflexionar sobre los valores de libertad, soberan\u00eda y unidad que compartimos como regi\u00f3n. En el sector de la construcci\u00f3n, estos ideales tambi\u00e9n se reflejan en la b\u00fasqueda de desarrollo, integraci\u00f3n y colaboraci\u00f3n para edificar un futuro m\u00e1s s\u00f3lido y pr\u00f3spero para todos los pa\u00edses latinoamericanos.<\/p>\n\n\n\n<p><\/p>\n\n\n\n<figure class=\"wp-block-image size-full\"><img decoding=\"async\" loading=\"lazy\" width=\"660\" height=\"371\" src=\"https:\/\/fiic.lat\/wp-content\/uploads\/2025\/09\/Latinoamerica.jpg\" alt=\"\" class=\"wp-image-4691\" srcset=\"https:\/\/fiic.lat\/wp-content\/uploads\/2025\/09\/Latinoamerica.jpg 660w, https:\/\/fiic.lat\/wp-content\/uploads\/2025\/09\/Latinoamerica-300x169.jpg 300w, https:\/\/fiic.lat\/wp-content\/uploads\/2025\/09\/Latinoamerica-18x10.jpg 18w\" sizes=\"(max-width: 660px) 100vw, 660px\" \/><\/figure>","protected":false},"excerpt":{"rendered":"<p>En Am\u00e9rica Latina, septiembre es un mes de gran significado hist\u00f3rico. Adem\u00e1s de M\u00e9xico, varias naciones celebran en estas fechas el inicio de su vida independiente: Guatemala, El Salvador, Honduras, Nicaragua y Costa Rica el 15; Chile el 18; y Belice el 21. Estas conmemoraciones nos invitan a reflexionar sobre los valores de libertad, soberan\u00eda [&hellip;]<\/p>","protected":false},"author":6,"featured_media":0,"comment_status":"open","ping_status":"open","sticky":false,"template":"","format":"standard","meta":{"qubely_global_settings":"","qubely_interactions":""},"categories":[92,94,106,107,104,101,105],"tags":[],"blocksy_meta":"","qubely_featured_image_url":null,"qubely_author":{"display_name":"Noticias FIIC","author_link":"https:\/\/fiic.lat\/en\/author\/noticias\/"},"qubely_comment":0,"qubely_category":"<a href=\"https:\/\/fiic.lat\/en\/category\/noticia\/mujeres-fiic\/\" rel=\"category tag\">Mujeres FIIC<\/a> <a href=\"https:\/\/fiic.lat\/en\/category\/costa-rica\/\" rel=\"category tag\">Costa Rica<\/a> <a href=\"https:\/\/fiic.lat\/en\/category\/el-salvador\/\" rel=\"category tag\">El Salvador<\/a> <a href=\"https:\/\/fiic.lat\/en\/category\/guatemala\/\" rel=\"category tag\">Guatemala<\/a> <a href=\"https:\/\/fiic.lat\/en\/category\/honduras\/\" rel=\"category tag\">Honduras<\/a> <a href=\"https:\/\/fiic.lat\/en\/category\/mexico\/\" rel=\"category tag\">M\u00e9xico<\/a> <a href=\"https:\/\/fiic.lat\/en\/category\/nicaragua\/\" rel=\"category tag\">Nicaragua<\/a>","qubely_excerpt":"En Am\u00e9rica Latina, septiembre es un mes de gran significado hist\u00f3rico. Adem\u00e1s de M\u00e9xico, varias naciones celebran en estas fechas el inicio de su vida independiente: Guatemala, El Salvador, Honduras, Nicaragua y Costa Rica el 15; Chile el 18; y Belice el 21. Estas conmemoraciones nos invitan a reflexionar sobre los valores de libertad, soberan\u00eda&hellip;","_links":{"self":[{"href":"https:\/\/fiic.lat\/en\/wp-json\/wp\/v2\/posts\/4689"}],"collection":[{"href":"https:\/\/fiic.lat\/en\/wp-json\/wp\/v2\/posts"}],"about":[{"href":"https:\/\/fiic.lat\/en\/wp-json\/wp\/v2\/types\/post"}],"author":[{"embeddable":true,"href":"https:\/\/fiic.lat\/en\/wp-json\/wp\/v2\/users\/6"}],"replies":[{"embeddable":true,"href":"https:\/\/fiic.lat\/en\/wp-json\/wp\/v2\/comments?post=4689"}],"version-history":[{"count":1,"href":"https:\/\/fiic.lat\/en\/wp-json\/wp\/v2\/posts\/4689\/revisions"}],"predecessor-version":[{"id":4692,"href":"https:\/\/fiic.lat\/en\/wp-json\/wp\/v2\/posts\/4689\/revisions\/4692"}],"wp:attachment":[{"href":"https:\/\/fiic.lat\/en\/wp-json\/wp\/v2\/media?parent=4689"}],"wp:term":[{"taxonomy":"category","embeddable":true,"href":"https:\/\/fiic.lat\/en\/wp-json\/wp\/v2\/categories?post=4689"},{"taxonomy":"post_tag","embeddable":true,"href":"https:\/\/fiic.lat\/en\/wp-json\/wp\/v2\/tags?post=4689"}],"curies":[{"name":"wp","href":"https:\/\/api.w.org\/{rel}","templated":true}]}}