{"id":4663,"date":"2025-08-22T22:05:29","date_gmt":"2025-08-22T20:05:29","guid":{"rendered":"https:\/\/fiic.lat\/?p=4663"},"modified":"2025-08-22T22:05:30","modified_gmt":"2025-08-22T20:05:30","slug":"mujeres-fiic-en-rio-de-janeiro-brasil","status":"publish","type":"post","link":"https:\/\/fiic.lat\/en\/mujeres-fiic-en-rio-de-janeiro-brasil\/","title":{"rendered":"Mujeres FIIC en R\u00edo de Janeiro, Brasil"},"content":{"rendered":"<p>Se ha convertido en una hermosa tradici\u00f3n que, dos veces al a\u00f1o, el grupo de mujeres FIIC se re\u00fana; acompa\u00f1ando a sus esposos en jornadas de trabajo, en la cual aprovechan la ocasi\u00f3n para dedicarse tiempo a ellas mismas.<\/p>\n\n\n\n<p>Estos encuentros son mucho m\u00e1s que una simple cita en el calendario. Son una oportunidad invaluable para compartir historias, reencontrarse con amigas de tiempo, conocer y hacer nuevas amistades, estrechar lazos y, sobre todo, seguir construyendo este v\u00ednculo que no conoce de fronteras.<\/p>\n\n\n\n<p>La pr\u00f3xima reuni\u00f3n tendr\u00e1 lugar en septiembre, del 24 al 27 en la vibrante ciudad de R\u00edo de Janeiro. Ser\u00e1 una nueva oportunidad para renovar el esp\u00edritu de amistad y celebrar juntas el inestimable valor de la familia y la uni\u00f3n que las ha acompa\u00f1ado a lo largo de este camino dado que nuestra Federaci\u00f3n cumplir\u00e1 65 a\u00f1os de existencia.<\/p>\n\n\n\n<figure class=\"wp-block-image size-large is-resized\"><img decoding=\"async\" loading=\"lazy\" src=\"https:\/\/fiic.lat\/wp-content\/uploads\/2025\/08\/IMG_5435-1024x768.jpg\" alt=\"\" class=\"wp-image-4666\" width=\"572\" height=\"428\" srcset=\"https:\/\/fiic.lat\/wp-content\/uploads\/2025\/08\/IMG_5435-1024x768.jpg 1024w, https:\/\/fiic.lat\/wp-content\/uploads\/2025\/08\/IMG_5435-300x225.jpg 300w, https:\/\/fiic.lat\/wp-content\/uploads\/2025\/08\/IMG_5435-768x576.jpg 768w, https:\/\/fiic.lat\/wp-content\/uploads\/2025\/08\/IMG_5435-1536x1152.jpg 1536w, https:\/\/fiic.lat\/wp-content\/uploads\/2025\/08\/IMG_5435-2048x1536.jpg 2048w, https:\/\/fiic.lat\/wp-content\/uploads\/2025\/08\/IMG_5435-16x12.jpg 16w\" sizes=\"(max-width: 572px) 100vw, 572px\" \/><\/figure>\n\n\n\n<figure class=\"wp-block-image size-full is-resized\"><img decoding=\"async\" loading=\"lazy\" src=\"https:\/\/fiic.lat\/wp-content\/uploads\/2025\/08\/Rio_Collage.png\" alt=\"\" class=\"wp-image-4668\" width=\"374\" height=\"467\" srcset=\"https:\/\/fiic.lat\/wp-content\/uploads\/2025\/08\/Rio_Collage.png 330w, https:\/\/fiic.lat\/wp-content\/uploads\/2025\/08\/Rio_Collage-240x300.png 240w, https:\/\/fiic.lat\/wp-content\/uploads\/2025\/08\/Rio_Collage-10x12.png 10w\" sizes=\"(max-width: 374px) 100vw, 374px\" \/><\/figure>\n\n\n\n<figure class=\"wp-block-image size-large is-resized\"><img decoding=\"async\" loading=\"lazy\" src=\"https:\/\/fiic.lat\/wp-content\/uploads\/2025\/08\/IMG_7720-1024x683.jpg\" alt=\"\" class=\"wp-image-4670\" width=\"612\" height=\"408\" srcset=\"https:\/\/fiic.lat\/wp-content\/uploads\/2025\/08\/IMG_7720-1024x683.jpg 1024w, https:\/\/fiic.lat\/wp-content\/uploads\/2025\/08\/IMG_7720-300x200.jpg 300w, https:\/\/fiic.lat\/wp-content\/uploads\/2025\/08\/IMG_7720-768x512.jpg 768w, https:\/\/fiic.lat\/wp-content\/uploads\/2025\/08\/IMG_7720-1536x1024.jpg 1536w, https:\/\/fiic.lat\/wp-content\/uploads\/2025\/08\/IMG_7720-2048x1365.jpg 2048w, https:\/\/fiic.lat\/wp-content\/uploads\/2025\/08\/IMG_7720-18x12.jpg 18w\" sizes=\"(max-width: 612px) 100vw, 612px\" \/><\/figure>","protected":false},"excerpt":{"rendered":"<p>Se ha convertido en una hermosa tradici\u00f3n que, dos veces al a\u00f1o, el grupo de mujeres FIIC se re\u00fana; acompa\u00f1ando a sus esposos en jornadas de trabajo, en la cual aprovechan la ocasi\u00f3n para dedicarse tiempo a ellas mismas. Estos encuentros son mucho m\u00e1s que una simple cita en el calendario. Son una oportunidad invaluable [&hellip;]<\/p>","protected":false},"author":6,"featured_media":0,"comment_status":"open","ping_status":"open","sticky":false,"template":"","format":"standard","meta":{"qubely_global_settings":"","qubely_interactions":""},"categories":[93,90,92],"tags":[],"blocksy_meta":"","qubely_featured_image_url":null,"qubely_author":{"display_name":"Noticias FIIC","author_link":"https:\/\/fiic.lat\/en\/author\/noticias\/"},"qubely_comment":4,"qubely_category":"<a href=\"https:\/\/fiic.lat\/en\/category\/brasil\/\" rel=\"category tag\">Brasil<\/a> <a href=\"https:\/\/fiic.lat\/en\/category\/noticia\/fiic\/\" rel=\"category tag\">FIIC<\/a> <a href=\"https:\/\/fiic.lat\/en\/category\/noticia\/mujeres-fiic\/\" rel=\"category tag\">Mujeres FIIC<\/a>","qubely_excerpt":"Se ha convertido en una hermosa tradici\u00f3n que, dos veces al a\u00f1o, el grupo de mujeres FIIC se re\u00fana; acompa\u00f1ando a sus esposos en jornadas de trabajo, en la cual aprovechan la ocasi\u00f3n para dedicarse tiempo a ellas mismas. Estos encuentros son mucho m\u00e1s que una simple cita en el calendario. Son una oportunidad invaluable&hellip;","_links":{"self":[{"href":"https:\/\/fiic.lat\/en\/wp-json\/wp\/v2\/posts\/4663"}],"collection":[{"href":"https:\/\/fiic.lat\/en\/wp-json\/wp\/v2\/posts"}],"about":[{"href":"https:\/\/fiic.lat\/en\/wp-json\/wp\/v2\/types\/post"}],"author":[{"embeddable":true,"href":"https:\/\/fiic.lat\/en\/wp-json\/wp\/v2\/users\/6"}],"replies":[{"embeddable":true,"href":"https:\/\/fiic.lat\/en\/wp-json\/wp\/v2\/comments?post=4663"}],"version-history":[{"count":1,"href":"https:\/\/fiic.lat\/en\/wp-json\/wp\/v2\/posts\/4663\/revisions"}],"predecessor-version":[{"id":4671,"href":"https:\/\/fiic.lat\/en\/wp-json\/wp\/v2\/posts\/4663\/revisions\/4671"}],"wp:attachment":[{"href":"https:\/\/fiic.lat\/en\/wp-json\/wp\/v2\/media?parent=4663"}],"wp:term":[{"taxonomy":"category","embeddable":true,"href":"https:\/\/fiic.lat\/en\/wp-json\/wp\/v2\/categories?post=4663"},{"taxonomy":"post_tag","embeddable":true,"href":"https:\/\/fiic.lat\/en\/wp-json\/wp\/v2\/tags?post=4663"}],"curies":[{"name":"wp","href":"https:\/\/api.w.org\/{rel}","templated":true}]}}