{"id":4660,"date":"2025-08-22T21:48:24","date_gmt":"2025-08-22T19:48:24","guid":{"rendered":"https:\/\/fiic.lat\/?p=4660"},"modified":"2025-08-22T21:48:24","modified_gmt":"2025-08-22T19:48:24","slug":"65-aniversario-fiic-y-92a-reunion-de-consejo","status":"publish","type":"post","link":"https:\/\/fiic.lat\/en\/65-aniversario-fiic-y-92a-reunion-de-consejo\/","title":{"rendered":"65 Aniversario FIIC y 92\u00aa Reuni\u00f3n de Consejo"},"content":{"rendered":"<p style=\"font-size:24px\">El 92\u00aa Reuni\u00f3n de Consejo Directivo de la FIIC, se llevar\u00e1 a cabo en la deslumbrante ciudad de R\u00edo de Janeiro, Brasil del 24 al 27 de septiembre. La C\u00e1mara Brasile\u00f1a de la Industria de la Construcci\u00f3n (CBIC) ser\u00e1 nuestra anfitriona; Adem\u00e1s se celebra el 65 aniversario de la Federaci\u00f3n interamericana de la Industria de la Construcci\u00f3n.<\/p>\n\n\n\n<p style=\"font-size:24px\"><\/p>\n\n\n\n<figure class=\"wp-block-image size-large is-resized\"><img decoding=\"async\" loading=\"lazy\" src=\"https:\/\/fiic.lat\/wp-content\/uploads\/2025\/08\/image-791x1024.png\" alt=\"\" class=\"wp-image-4661\" width=\"552\" height=\"714\" srcset=\"https:\/\/fiic.lat\/wp-content\/uploads\/2025\/08\/image-791x1024.png 791w, https:\/\/fiic.lat\/wp-content\/uploads\/2025\/08\/image-232x300.png 232w, https:\/\/fiic.lat\/wp-content\/uploads\/2025\/08\/image-768x994.png 768w, https:\/\/fiic.lat\/wp-content\/uploads\/2025\/08\/image-1187x1536.png 1187w, https:\/\/fiic.lat\/wp-content\/uploads\/2025\/08\/image-9x12.png 9w, https:\/\/fiic.lat\/wp-content\/uploads\/2025\/08\/image.png 1236w\" sizes=\"(max-width: 552px) 100vw, 552px\" \/><\/figure>","protected":false},"excerpt":{"rendered":"<p>El 92\u00aa Reuni\u00f3n de Consejo Directivo de la FIIC, se llevar\u00e1 a cabo en la deslumbrante ciudad de R\u00edo de Janeiro, Brasil del 24 al 27 de septiembre. La C\u00e1mara Brasile\u00f1a de la Industria de la Construcci\u00f3n (CBIC) ser\u00e1 nuestra anfitriona; Adem\u00e1s se celebra el 65 aniversario de la Federaci\u00f3n interamericana de la Industria de [&hellip;]<\/p>","protected":false},"author":6,"featured_media":0,"comment_status":"open","ping_status":"open","sticky":false,"template":"","format":"standard","meta":{"qubely_global_settings":"","qubely_interactions":""},"categories":[93,90,101],"tags":[],"blocksy_meta":"","qubely_featured_image_url":null,"qubely_author":{"display_name":"Noticias FIIC","author_link":"https:\/\/fiic.lat\/en\/author\/noticias\/"},"qubely_comment":0,"qubely_category":"<a href=\"https:\/\/fiic.lat\/en\/category\/brasil\/\" rel=\"category tag\">Brasil<\/a> <a href=\"https:\/\/fiic.lat\/en\/category\/noticia\/fiic\/\" rel=\"category tag\">FIIC<\/a> <a href=\"https:\/\/fiic.lat\/en\/category\/mexico\/\" rel=\"category tag\">M\u00e9xico<\/a>","qubely_excerpt":"El 92\u00aa Reuni\u00f3n de Consejo Directivo de la FIIC, se llevar\u00e1 a cabo en la deslumbrante ciudad de R\u00edo de Janeiro, Brasil del 24 al 27 de septiembre. La C\u00e1mara Brasile\u00f1a de la Industria de la Construcci\u00f3n (CBIC) ser\u00e1 nuestra anfitriona; Adem\u00e1s se celebra el 65 aniversario de la Federaci\u00f3n interamericana de la Industria de&hellip;","_links":{"self":[{"href":"https:\/\/fiic.lat\/en\/wp-json\/wp\/v2\/posts\/4660"}],"collection":[{"href":"https:\/\/fiic.lat\/en\/wp-json\/wp\/v2\/posts"}],"about":[{"href":"https:\/\/fiic.lat\/en\/wp-json\/wp\/v2\/types\/post"}],"author":[{"embeddable":true,"href":"https:\/\/fiic.lat\/en\/wp-json\/wp\/v2\/users\/6"}],"replies":[{"embeddable":true,"href":"https:\/\/fiic.lat\/en\/wp-json\/wp\/v2\/comments?post=4660"}],"version-history":[{"count":1,"href":"https:\/\/fiic.lat\/en\/wp-json\/wp\/v2\/posts\/4660\/revisions"}],"predecessor-version":[{"id":4662,"href":"https:\/\/fiic.lat\/en\/wp-json\/wp\/v2\/posts\/4660\/revisions\/4662"}],"wp:attachment":[{"href":"https:\/\/fiic.lat\/en\/wp-json\/wp\/v2\/media?parent=4660"}],"wp:term":[{"taxonomy":"category","embeddable":true,"href":"https:\/\/fiic.lat\/en\/wp-json\/wp\/v2\/categories?post=4660"},{"taxonomy":"post_tag","embeddable":true,"href":"https:\/\/fiic.lat\/en\/wp-json\/wp\/v2\/tags?post=4660"}],"curies":[{"name":"wp","href":"https:\/\/api.w.org\/{rel}","templated":true}]}}