{"id":4645,"date":"2025-07-24T17:47:50","date_gmt":"2025-07-24T15:47:50","guid":{"rendered":"https:\/\/fiic.lat\/?p=4645"},"modified":"2025-07-24T17:47:50","modified_gmt":"2025-07-24T15:47:50","slug":"el-legado-invaluable-de-las-abuelas","status":"publish","type":"post","link":"https:\/\/fiic.lat\/en\/el-legado-invaluable-de-las-abuelas\/","title":{"rendered":"El Legado Invaluable de las Abuelas"},"content":{"rendered":"<p>El D\u00eda Internacional de los Abuelos, si bien celebrado en distintas fechas alrededor del mundo, encuentra en el 26 de julio un punto de convergencia para honrar a los pilares fundamentales en la estructura familiar y social. Es un d\u00eda para dedicarles el profundo cari\u00f1o, la inmensa gratitud y el sincero aprecio por el amor incondicional, la sabidur\u00eda acumulada a lo largo de los a\u00f1os y el apoyo constante que brindan. Sin embargo, en esta celebraci\u00f3n, es vital recalcar la importancia trascendental de la figura de la abuela, cuyo rol a menudo se manifiesta como el ancla emocional y el motor de muchos hogares.<\/p>\n\n\n\n<p>Las abuelas, con su calidez y su vasta experiencia, son mucho m\u00e1s que cuidadoras. Son las narradoras de historias que conectan a las nuevas generaciones con sus ra\u00edces, y las que transmiten valores que perduran a trav\u00e9s del tiempo. En muchas familias, son ellas quienes desinteresadamente ofrecen su tiempo y energ\u00eda para el cuidado de los nietos, permitiendo a los padres equilibrar sus responsabilidades laborales y personales. Esta labor, que a menudo pasa desapercibida o se da por sentada, es un pilar fundamental para el desarrollo infantil y el bienestar familiar.<\/p>\n\n\n\n<p>M\u00e1s all\u00e1 del \u00e1mbito dom\u00e9stico, la influencia de las abuelas se extiende a la sociedad en general. Son a menudo las l\u00edderes silenciosas de sus comunidades, participando en actividades vecinales, transmitiendo conocimientos pr\u00e1cticos y ofreciendo un hombro en el que apoyarse. Su resiliencia, forjada a trav\u00e9s de las experiencias de vida, es una fuente de inspiraci\u00f3n y fortaleza. Representan la memoria colectiva, la sabidur\u00eda pr\u00e1ctica y el amor incondicional que nutre no solo a sus seres queridos, sino a la misma sociedad.<\/p>\n\n\n\n<p>En este D\u00eda Internacional de los Abuelos, y en cada d\u00eda del a\u00f1o, es importante reconocer y valorar el legado invaluable que nos dejan. Es un recordatorio de que, si bien todos los abuelos merecen nuestro respeto y gratitud, las abuelas, con su amor inagotable, su capacidad de nutrir y su fortaleza, encarnan una fuerza vital que enriquece nuestras vidas de maneras profundas y duraderas. Honrar a nuestras abuelas es honrar la historia, la sabidur\u00eda y el amor que nos han moldeado y nos seguir\u00e1n guiando.<\/p>\n\n\n\n<p>Por \u00faltimo, queremos celebrar y felicitar a las abuelas de nuestro grupo FIIC, quienes gozan ya de este privilegio.<\/p>\n\n\n\n<figure class=\"wp-block-image size-large is-resized\"><img decoding=\"async\" loading=\"lazy\" src=\"https:\/\/fiic.lat\/wp-content\/uploads\/2025\/07\/dia-de-los-abuelos-2023_038e-1024x576.webp\" alt=\"\" class=\"wp-image-4649\" width=\"512\" height=\"288\" srcset=\"https:\/\/fiic.lat\/wp-content\/uploads\/2025\/07\/dia-de-los-abuelos-2023_038e-1024x576.webp 1024w, https:\/\/fiic.lat\/wp-content\/uploads\/2025\/07\/dia-de-los-abuelos-2023_038e-300x169.webp 300w, https:\/\/fiic.lat\/wp-content\/uploads\/2025\/07\/dia-de-los-abuelos-2023_038e-768x432.webp 768w, https:\/\/fiic.lat\/wp-content\/uploads\/2025\/07\/dia-de-los-abuelos-2023_038e-1536x864.webp 1536w, https:\/\/fiic.lat\/wp-content\/uploads\/2025\/07\/dia-de-los-abuelos-2023_038e-2048x1152.webp 2048w, https:\/\/fiic.lat\/wp-content\/uploads\/2025\/07\/dia-de-los-abuelos-2023_038e-18x10.webp 18w\" sizes=\"(max-width: 512px) 100vw, 512px\" \/><\/figure>","protected":false},"excerpt":{"rendered":"<p>El D\u00eda Internacional de los Abuelos, si bien celebrado en distintas fechas alrededor del mundo, encuentra en el 26 de julio un punto de convergencia para honrar a los pilares fundamentales en la estructura familiar y social. Es un d\u00eda para dedicarles el profundo cari\u00f1o, la inmensa gratitud y el sincero aprecio por el amor [&hellip;]<\/p>","protected":false},"author":6,"featured_media":0,"comment_status":"open","ping_status":"open","sticky":false,"template":"","format":"standard","meta":{"qubely_global_settings":"","qubely_interactions":""},"categories":[92],"tags":[],"blocksy_meta":"","qubely_featured_image_url":null,"qubely_author":{"display_name":"Noticias FIIC","author_link":"https:\/\/fiic.lat\/en\/author\/noticias\/"},"qubely_comment":3,"qubely_category":"<a href=\"https:\/\/fiic.lat\/en\/category\/noticia\/mujeres-fiic\/\" rel=\"category tag\">Mujeres FIIC<\/a>","qubely_excerpt":"El D\u00eda Internacional de los Abuelos, si bien celebrado en distintas fechas alrededor del mundo, encuentra en el 26 de julio un punto de convergencia para honrar a los pilares fundamentales en la estructura familiar y social. Es un d\u00eda para dedicarles el profundo cari\u00f1o, la inmensa gratitud y el sincero aprecio por el amor&hellip;","_links":{"self":[{"href":"https:\/\/fiic.lat\/en\/wp-json\/wp\/v2\/posts\/4645"}],"collection":[{"href":"https:\/\/fiic.lat\/en\/wp-json\/wp\/v2\/posts"}],"about":[{"href":"https:\/\/fiic.lat\/en\/wp-json\/wp\/v2\/types\/post"}],"author":[{"embeddable":true,"href":"https:\/\/fiic.lat\/en\/wp-json\/wp\/v2\/users\/6"}],"replies":[{"embeddable":true,"href":"https:\/\/fiic.lat\/en\/wp-json\/wp\/v2\/comments?post=4645"}],"version-history":[{"count":1,"href":"https:\/\/fiic.lat\/en\/wp-json\/wp\/v2\/posts\/4645\/revisions"}],"predecessor-version":[{"id":4650,"href":"https:\/\/fiic.lat\/en\/wp-json\/wp\/v2\/posts\/4645\/revisions\/4650"}],"wp:attachment":[{"href":"https:\/\/fiic.lat\/en\/wp-json\/wp\/v2\/media?parent=4645"}],"wp:term":[{"taxonomy":"category","embeddable":true,"href":"https:\/\/fiic.lat\/en\/wp-json\/wp\/v2\/categories?post=4645"},{"taxonomy":"post_tag","embeddable":true,"href":"https:\/\/fiic.lat\/en\/wp-json\/wp\/v2\/tags?post=4645"}],"curies":[{"name":"wp","href":"https:\/\/api.w.org\/{rel}","templated":true}]}}