{"id":4641,"date":"2025-07-23T23:05:13","date_gmt":"2025-07-23T21:05:13","guid":{"rendered":"https:\/\/fiic.lat\/?p=4641"},"modified":"2025-07-23T23:05:13","modified_gmt":"2025-07-23T21:05:13","slug":"connect-americas","status":"publish","type":"post","link":"https:\/\/fiic.lat\/en\/connect-americas\/","title":{"rendered":"Connect Americas"},"content":{"rendered":"<p>El pasado 30 de mayo, ConnectAmericas se present\u00f3 como la primera red social empresarial de las Am\u00e9ricas ante la Federaci\u00f3n Interamericana de la Industria de la Construcci\u00f3n, el presidente FIIC Iv\u00e1n Sczczech, as\u00ed como los gerentes y directores de sus c\u00e1maras miembro. Su objetivo es impulsar el comercio exterior y la inversi\u00f3n internacional, brindando a las PYMES herramientas para fortalecer sus negocios.<\/p>\n\n\n\n<p>La plataforma conecta a empresas con comunidades empresariales e inversores de la regi\u00f3n y del mundo, segmentados por industria. En junio, la c\u00e1mara costarricense junto con la FIIC, ya se han registrado, demostrando el inter\u00e9s en esta iniciativa para dinamizar el intercambio comercial en las Am\u00e9ricas.<\/p>\n\n\n\n<p><\/p>\n\n\n\n<div class=\"wp-block-qubely-image qubely-block-7b7f50\"><div class=\"qubely-block-image  qubely-image-layout-simple\"><div class=\"qubely-image-media qubely-vertical-alignment-center qubely-horizontal-alignment-center\"><figure><div class=\"qubely-image-container\"><img decoding=\"async\" class=\"qubely-image-image\" src=\"https:\/\/fiic.lat\/wp-content\/uploads\/2025\/07\/ConnectAmericas.jpg\" alt=\"\"\/><\/div><\/figure><\/div><\/div><\/div>\n\n\n\n<p><\/p>","protected":false},"excerpt":{"rendered":"<p>El pasado 30 de mayo, ConnectAmericas se present\u00f3 como la primera red social empresarial de las Am\u00e9ricas ante la Federaci\u00f3n Interamericana de la Industria de la Construcci\u00f3n, el presidente FIIC Iv\u00e1n Sczczech, as\u00ed como los gerentes y directores de sus c\u00e1maras miembro. Su objetivo es impulsar el comercio exterior y la inversi\u00f3n internacional, brindando a [&hellip;]<\/p>","protected":false},"author":6,"featured_media":0,"comment_status":"open","ping_status":"open","sticky":false,"template":"","format":"standard","meta":{"qubely_global_settings":"","qubely_interactions":""},"categories":[40],"tags":[],"blocksy_meta":{"page_structure_type":"type-3","styles_descriptor":{"styles":{"desktop":"","tablet":"","mobile":""},"google_fonts":[],"version":5}},"qubely_featured_image_url":null,"qubely_author":{"display_name":"Noticias FIIC","author_link":"https:\/\/fiic.lat\/en\/author\/noticias\/"},"qubely_comment":55,"qubely_category":"<a href=\"https:\/\/fiic.lat\/en\/category\/noticia\/\" rel=\"category tag\">Noticia<\/a>","qubely_excerpt":"El pasado 30 de mayo, ConnectAmericas se present\u00f3 como la primera red social empresarial de las Am\u00e9ricas ante la Federaci\u00f3n Interamericana de la Industria de la Construcci\u00f3n, el presidente FIIC Iv\u00e1n Sczczech, as\u00ed como los gerentes y directores de sus c\u00e1maras miembro. Su objetivo es impulsar el comercio exterior y la inversi\u00f3n internacional, brindando a&hellip;","_links":{"self":[{"href":"https:\/\/fiic.lat\/en\/wp-json\/wp\/v2\/posts\/4641"}],"collection":[{"href":"https:\/\/fiic.lat\/en\/wp-json\/wp\/v2\/posts"}],"about":[{"href":"https:\/\/fiic.lat\/en\/wp-json\/wp\/v2\/types\/post"}],"author":[{"embeddable":true,"href":"https:\/\/fiic.lat\/en\/wp-json\/wp\/v2\/users\/6"}],"replies":[{"embeddable":true,"href":"https:\/\/fiic.lat\/en\/wp-json\/wp\/v2\/comments?post=4641"}],"version-history":[{"count":1,"href":"https:\/\/fiic.lat\/en\/wp-json\/wp\/v2\/posts\/4641\/revisions"}],"predecessor-version":[{"id":4644,"href":"https:\/\/fiic.lat\/en\/wp-json\/wp\/v2\/posts\/4641\/revisions\/4644"}],"wp:attachment":[{"href":"https:\/\/fiic.lat\/en\/wp-json\/wp\/v2\/media?parent=4641"}],"wp:term":[{"taxonomy":"category","embeddable":true,"href":"https:\/\/fiic.lat\/en\/wp-json\/wp\/v2\/categories?post=4641"},{"taxonomy":"post_tag","embeddable":true,"href":"https:\/\/fiic.lat\/en\/wp-json\/wp\/v2\/tags?post=4641"}],"curies":[{"name":"wp","href":"https:\/\/api.w.org\/{rel}","templated":true}]}}