{"id":4618,"date":"2025-06-24T04:55:00","date_gmt":"2025-06-24T02:55:00","guid":{"rendered":"https:\/\/fiic.lat\/?p=4618"},"modified":"2025-06-24T05:04:38","modified_gmt":"2025-06-24T03:04:38","slug":"91-reunion-de-consejo-directivo-y-asamblea-general-fiic","status":"publish","type":"post","link":"https:\/\/fiic.lat\/en\/91-reunion-de-consejo-directivo-y-asamblea-general-fiic\/","title":{"rendered":"91 \u00b0 REUNI\u00d3N DE CONSEJO DIRECTIVO Y ASAMBLEA GENERAL FIIC."},"content":{"rendered":"<figure class=\"wp-block-image aligncenter size-large is-resized\"><img decoding=\"async\" loading=\"lazy\" src=\"https:\/\/fiic.lat\/wp-content\/uploads\/2025\/06\/GrfmQMLWQAAUoUR-1024x768.jpg\" alt=\"\" class=\"wp-image-4622\" width=\"570\" height=\"427\" srcset=\"https:\/\/fiic.lat\/wp-content\/uploads\/2025\/06\/GrfmQMLWQAAUoUR-1024x768.jpg 1024w, https:\/\/fiic.lat\/wp-content\/uploads\/2025\/06\/GrfmQMLWQAAUoUR-300x225.jpg 300w, https:\/\/fiic.lat\/wp-content\/uploads\/2025\/06\/GrfmQMLWQAAUoUR-768x576.jpg 768w, https:\/\/fiic.lat\/wp-content\/uploads\/2025\/06\/GrfmQMLWQAAUoUR-16x12.jpg 16w, https:\/\/fiic.lat\/wp-content\/uploads\/2025\/06\/GrfmQMLWQAAUoUR.jpg 1280w\" sizes=\"(max-width: 570px) 100vw, 570px\" \/><\/figure>\n\n\n\n<p>El pasado 20 y 21 de noviembre 2025, iniciaron los trabajos de la 91\u00b0 Consejo Directivo y Asamblea General de la FIIC, con una amplia convocatoria con representantes de 15 pa\u00edses de Am\u00e9rica Latina y el Caribe. La C\u00e1mara la C\u00e1mara Hondure\u00f1a de la Construcci\u00f3n, fue la anfitriona del encuentro.<\/p>\n\n\n\n<div class=\"wp-block-columns is-layout-flex wp-container-3\">\n<div class=\"wp-block-column is-layout-flow\">\n<figure class=\"wp-block-image size-full is-resized\"><img decoding=\"async\" loading=\"lazy\" src=\"https:\/\/fiic.lat\/wp-content\/uploads\/2025\/06\/GraOfAiX0AACoB5.jpg\" alt=\"\" class=\"wp-image-4623\" width=\"363\" height=\"282\"\/><\/figure>\n<\/div>\n\n\n\n<div class=\"wp-block-column is-layout-flow\">\n<figure class=\"wp-block-image size-full is-resized\"><img decoding=\"async\" loading=\"lazy\" src=\"https:\/\/fiic.lat\/wp-content\/uploads\/2025\/06\/GrfmQMPXEAA4QqR.jpg\" alt=\"\" class=\"wp-image-4625\" width=\"363\" height=\"279\"\/><\/figure>\n<\/div>\n<\/div>\n\n\n\n<figure class=\"wp-block-image aligncenter size-full\"><img decoding=\"async\" loading=\"lazy\" width=\"270\" height=\"360\" src=\"https:\/\/fiic.lat\/wp-content\/uploads\/2025\/06\/GraOfAnWsAAtAuM.jpg\" alt=\"\" class=\"wp-image-4626\" srcset=\"https:\/\/fiic.lat\/wp-content\/uploads\/2025\/06\/GraOfAnWsAAtAuM.jpg 270w, https:\/\/fiic.lat\/wp-content\/uploads\/2025\/06\/GraOfAnWsAAtAuM-225x300.jpg 225w, https:\/\/fiic.lat\/wp-content\/uploads\/2025\/06\/GraOfAnWsAAtAuM-9x12.jpg 9w\" sizes=\"(max-width: 270px) 100vw, 270px\" \/><\/figure>\n\n\n\n<p>Previo al consejo, las comisiones como Infraestructura; Construcci\u00f3n Sustentable; Desarrollo Urbano y Vivienda; Anticorrupci\u00f3n; Directores \/ Gerentes y INCONET, presentaron sus objetivos, informes de actividades y propuestas para impulsar el desarrollo sostenible y la innovaci\u00f3n en la industria de la construcci\u00f3n.<\/p>\n\n\n\n<div class=\"wp-block-columns is-layout-flex wp-container-9\">\n<div class=\"wp-block-column is-layout-flow\" style=\"flex-basis:100%\">\n<div class=\"wp-block-columns is-layout-flex wp-container-7\">\n<div class=\"wp-block-column is-layout-flow\">\n<figure class=\"wp-block-image size-full\"><img decoding=\"async\" loading=\"lazy\" width=\"360\" height=\"270\" src=\"https:\/\/fiic.lat\/wp-content\/uploads\/2025\/06\/Grb2_ndWIAAvepc.jpg\" alt=\"\" class=\"wp-image-4621\" srcset=\"https:\/\/fiic.lat\/wp-content\/uploads\/2025\/06\/Grb2_ndWIAAvepc.jpg 360w, https:\/\/fiic.lat\/wp-content\/uploads\/2025\/06\/Grb2_ndWIAAvepc-300x225.jpg 300w, https:\/\/fiic.lat\/wp-content\/uploads\/2025\/06\/Grb2_ndWIAAvepc-16x12.jpg 16w\" sizes=\"(max-width: 360px) 100vw, 360px\" \/><\/figure>\n<\/div>\n\n\n\n<div class=\"wp-block-column is-layout-flow\">\n<figure class=\"wp-block-image size-full\"><img decoding=\"async\" loading=\"lazy\" width=\"360\" height=\"270\" src=\"https:\/\/fiic.lat\/wp-content\/uploads\/2025\/06\/Grb2_ngWUAA3Gua.jpg\" alt=\"\" class=\"wp-image-4620\" srcset=\"https:\/\/fiic.lat\/wp-content\/uploads\/2025\/06\/Grb2_ngWUAA3Gua.jpg 360w, https:\/\/fiic.lat\/wp-content\/uploads\/2025\/06\/Grb2_ngWUAA3Gua-300x225.jpg 300w, https:\/\/fiic.lat\/wp-content\/uploads\/2025\/06\/Grb2_ngWUAA3Gua-16x12.jpg 16w\" sizes=\"(max-width: 360px) 100vw, 360px\" \/><\/figure>\n<\/div>\n\n\n\n<div class=\"wp-block-column is-layout-flow\">\n<figure class=\"wp-block-image size-full\"><img decoding=\"async\" loading=\"lazy\" width=\"360\" height=\"270\" src=\"https:\/\/fiic.lat\/wp-content\/uploads\/2025\/06\/Grb2_neXQAAGARf.jpg\" alt=\"\" class=\"wp-image-4619\" srcset=\"https:\/\/fiic.lat\/wp-content\/uploads\/2025\/06\/Grb2_neXQAAGARf.jpg 360w, https:\/\/fiic.lat\/wp-content\/uploads\/2025\/06\/Grb2_neXQAAGARf-300x225.jpg 300w, https:\/\/fiic.lat\/wp-content\/uploads\/2025\/06\/Grb2_neXQAAGARf-16x12.jpg 16w\" sizes=\"(max-width: 360px) 100vw, 360px\" \/><\/figure>\n<\/div>\n<\/div>\n<\/div>\n<\/div>\n\n\n\n<p>El segundo d\u00eda de trabajos en la Reuni\u00f3n del Consejo Directivo FIIC El presidente, Mtro. Iv\u00e1n Szczech y el secretario general, Ing. Eduardo Ram\u00edrez desarrollaron la agenda y presentaron los informes del Comit\u00e9 Ejecutivo, temas administrativos, los acuerdos de las comisiones y nuevos proyectos.<\/p>\n\n\n\n<p>La Federaci\u00f3n Interamericana de la Industria de la Construcci\u00f3n (FIIC), estuvo presente en la inauguraci\u00f3n \u201cEXPO CONSTRUYE 2025\u201d, realizado por la C\u00e1mara Hondure\u00f1a de la Industria de la Construcci\u00f3n en San Pedro Sula.<\/p>\n\n\n\n<div class=\"wp-block-columns is-layout-flex wp-container-12\">\n<div class=\"wp-block-column is-layout-flow\">\n<figure class=\"wp-block-image size-full is-resized\"><img decoding=\"async\" loading=\"lazy\" src=\"https:\/\/fiic.lat\/wp-content\/uploads\/2025\/06\/Grp4iZgXwAAdmND-1.jpg\" alt=\"\" class=\"wp-image-4628\" width=\"363\" height=\"244\"\/><\/figure>\n<\/div>\n\n\n\n<div class=\"wp-block-column is-layout-flow\">\n<figure class=\"wp-block-image size-full is-resized\"><img decoding=\"async\" loading=\"lazy\" src=\"https:\/\/fiic.lat\/wp-content\/uploads\/2025\/06\/Grp4iZjW4AIq8c1.jpg\" alt=\"\" class=\"wp-image-4629\" width=\"327\" height=\"245\" srcset=\"https:\/\/fiic.lat\/wp-content\/uploads\/2025\/06\/Grp4iZjW4AIq8c1.jpg 360w, https:\/\/fiic.lat\/wp-content\/uploads\/2025\/06\/Grp4iZjW4AIq8c1-300x225.jpg 300w, https:\/\/fiic.lat\/wp-content\/uploads\/2025\/06\/Grp4iZjW4AIq8c1-16x12.jpg 16w\" sizes=\"(max-width: 327px) 100vw, 327px\" \/><\/figure>\n<\/div>\n<\/div>\n\n\n\n<figure class=\"wp-block-image aligncenter size-full\"><img decoding=\"async\" loading=\"lazy\" width=\"270\" height=\"360\" src=\"https:\/\/fiic.lat\/wp-content\/uploads\/2025\/06\/Grp4iZoWIAAKLnt.jpg\" alt=\"\" class=\"wp-image-4630\" srcset=\"https:\/\/fiic.lat\/wp-content\/uploads\/2025\/06\/Grp4iZoWIAAKLnt.jpg 270w, https:\/\/fiic.lat\/wp-content\/uploads\/2025\/06\/Grp4iZoWIAAKLnt-225x300.jpg 225w, https:\/\/fiic.lat\/wp-content\/uploads\/2025\/06\/Grp4iZoWIAAKLnt-9x12.jpg 9w\" sizes=\"(max-width: 270px) 100vw, 270px\" \/><\/figure>","protected":false},"excerpt":{"rendered":"<p>El pasado 20 y 21 de noviembre 2025, iniciaron los trabajos de la 91\u00b0 Consejo Directivo y Asamblea General de la FIIC, con una amplia convocatoria con representantes de 15 pa\u00edses de Am\u00e9rica Latina y el Caribe. La C\u00e1mara la C\u00e1mara Hondure\u00f1a de la Construcci\u00f3n, fue la anfitriona del encuentro. Previo al consejo, las comisiones [&hellip;]<\/p>","protected":false},"author":6,"featured_media":0,"comment_status":"open","ping_status":"open","sticky":false,"template":"","format":"standard","meta":{"qubely_global_settings":"","qubely_interactions":""},"categories":[40],"tags":[],"blocksy_meta":"","qubely_featured_image_url":null,"qubely_author":{"display_name":"Noticias FIIC","author_link":"https:\/\/fiic.lat\/en\/author\/noticias\/"},"qubely_comment":2,"qubely_category":"<a href=\"https:\/\/fiic.lat\/en\/category\/noticia\/\" rel=\"category tag\">Noticia<\/a>","qubely_excerpt":"El pasado 20 y 21 de noviembre 2025, iniciaron los trabajos de la 91\u00b0 Consejo Directivo y Asamblea General de la FIIC, con una amplia convocatoria con representantes de 15 pa\u00edses de Am\u00e9rica Latina y el Caribe. La C\u00e1mara la C\u00e1mara Hondure\u00f1a de la Construcci\u00f3n, fue la anfitriona del encuentro. Previo al consejo, las comisiones&hellip;","_links":{"self":[{"href":"https:\/\/fiic.lat\/en\/wp-json\/wp\/v2\/posts\/4618"}],"collection":[{"href":"https:\/\/fiic.lat\/en\/wp-json\/wp\/v2\/posts"}],"about":[{"href":"https:\/\/fiic.lat\/en\/wp-json\/wp\/v2\/types\/post"}],"author":[{"embeddable":true,"href":"https:\/\/fiic.lat\/en\/wp-json\/wp\/v2\/users\/6"}],"replies":[{"embeddable":true,"href":"https:\/\/fiic.lat\/en\/wp-json\/wp\/v2\/comments?post=4618"}],"version-history":[{"count":3,"href":"https:\/\/fiic.lat\/en\/wp-json\/wp\/v2\/posts\/4618\/revisions"}],"predecessor-version":[{"id":4633,"href":"https:\/\/fiic.lat\/en\/wp-json\/wp\/v2\/posts\/4618\/revisions\/4633"}],"wp:attachment":[{"href":"https:\/\/fiic.lat\/en\/wp-json\/wp\/v2\/media?parent=4618"}],"wp:term":[{"taxonomy":"category","embeddable":true,"href":"https:\/\/fiic.lat\/en\/wp-json\/wp\/v2\/categories?post=4618"},{"taxonomy":"post_tag","embeddable":true,"href":"https:\/\/fiic.lat\/en\/wp-json\/wp\/v2\/tags?post=4618"}],"curies":[{"name":"wp","href":"https:\/\/api.w.org\/{rel}","templated":true}]}}