{"id":4611,"date":"2025-06-24T04:04:53","date_gmt":"2025-06-24T02:04:53","guid":{"rendered":"https:\/\/fiic.lat\/?p=4611"},"modified":"2025-06-24T19:42:28","modified_gmt":"2025-06-24T17:42:28","slug":"programas-de-damas-fiic-san-pedro-de-sula-honduras","status":"publish","type":"post","link":"https:\/\/fiic.lat\/en\/programas-de-damas-fiic-san-pedro-de-sula-honduras\/","title":{"rendered":"PROGRAMAS DE DAMAS FIIC &#8211; SAN PEDRO DE SULA, HONDURAS."},"content":{"rendered":"<figure class=\"wp-block-image aligncenter size-full is-resized\"><img decoding=\"async\" loading=\"lazy\" src=\"https:\/\/fiic.lat\/wp-content\/uploads\/2025\/06\/processed-B6BFAD9D-E267-4B9E-8B83-31CCB9154596.jpeg\" alt=\"\" class=\"wp-image-4615\" width=\"361\" height=\"347\" srcset=\"https:\/\/fiic.lat\/wp-content\/uploads\/2025\/06\/processed-B6BFAD9D-E267-4B9E-8B83-31CCB9154596.jpeg 966w, https:\/\/fiic.lat\/wp-content\/uploads\/2025\/06\/processed-B6BFAD9D-E267-4B9E-8B83-31CCB9154596-300x289.jpeg 300w, https:\/\/fiic.lat\/wp-content\/uploads\/2025\/06\/processed-B6BFAD9D-E267-4B9E-8B83-31CCB9154596-768x740.jpeg 768w, https:\/\/fiic.lat\/wp-content\/uploads\/2025\/06\/processed-B6BFAD9D-E267-4B9E-8B83-31CCB9154596-12x12.jpeg 12w\" sizes=\"(max-width: 361px) 100vw, 361px\" \/><\/figure>\n\n\n\n<p>Fuimos llegando, desde nuestros diferentes pa\u00edses, a San Pedro de Sula para la 91\u00b0 Reuni\u00f3n del Consejo Directivo FIIC.&nbsp; Esta vez fuimos un grupo de alrededor de 15 damas, con la alegr\u00eda y compa\u00f1erismo de siempre. Thelma y Leanela, nuestras queridas anfitrionas, se encargaron de todos los detalles y nos organizaron un programa variado para que conoci\u00e9ramos San Pedro de Sula y sus alrededores, as\u00ed como una muestra de la cultura hondure\u00f1a.<\/p>\n\n\n\n<figure class=\"wp-block-image aligncenter size-large is-resized\"><img decoding=\"async\" loading=\"lazy\" src=\"https:\/\/fiic.lat\/wp-content\/uploads\/2025\/06\/processed-653FCD00-51D8-490F-8174-5D380CE04811-1024x1024.jpeg\" alt=\"\" class=\"wp-image-4612\" width=\"453\" height=\"453\" srcset=\"https:\/\/fiic.lat\/wp-content\/uploads\/2025\/06\/processed-653FCD00-51D8-490F-8174-5D380CE04811-1024x1024.jpeg 1024w, https:\/\/fiic.lat\/wp-content\/uploads\/2025\/06\/processed-653FCD00-51D8-490F-8174-5D380CE04811-300x300.jpeg 300w, https:\/\/fiic.lat\/wp-content\/uploads\/2025\/06\/processed-653FCD00-51D8-490F-8174-5D380CE04811-150x150.jpeg 150w, https:\/\/fiic.lat\/wp-content\/uploads\/2025\/06\/processed-653FCD00-51D8-490F-8174-5D380CE04811-768x768.jpeg 768w, https:\/\/fiic.lat\/wp-content\/uploads\/2025\/06\/processed-653FCD00-51D8-490F-8174-5D380CE04811-1536x1536.jpeg 1536w, https:\/\/fiic.lat\/wp-content\/uploads\/2025\/06\/processed-653FCD00-51D8-490F-8174-5D380CE04811-12x12.jpeg 12w, https:\/\/fiic.lat\/wp-content\/uploads\/2025\/06\/processed-653FCD00-51D8-490F-8174-5D380CE04811.jpeg 1870w\" sizes=\"(max-width: 453px) 100vw, 453px\" \/><\/figure>\n\n\n\n<p>Al d\u00eda siguiente de nuestra llegada y despu\u00e9s de habernos reencontrado la noche anterior en un lindo c\u00f3ctel de bienvenida, nos dispusimos a visitar la fortaleza de San Fernando de Omoa, a unos 45 minutos en direcci\u00f3n del mar. De la mano de un gu\u00eda experto, aprendimos que fue construida en 1759 para defensa de los piratas. Hecha en piedra y coral por ind\u00edgenas y esclavos africanos, sirvi\u00f3 como el puerto m\u00e1s importante de Centroam\u00e9rica durante la \u00e9poca colonial. Tiene una particular traza en tri\u00e1ngulo y habitaciones abovedadas todas con un uso particular: habitaci\u00f3n, capilla, cocina, dep\u00f3sito, etc.&nbsp; Actualmente, es el fuerte m\u00e1s grande de Centroam\u00e9rica.<\/p>\n\n\n\n<figure class=\"wp-block-image aligncenter size-large is-resized\"><img decoding=\"async\" loading=\"lazy\" src=\"https:\/\/fiic.lat\/wp-content\/uploads\/2025\/06\/processed-7789E0E9-DA14-4865-8910-38AEB6A35478-1024x1024.jpeg\" alt=\"\" class=\"wp-image-4614\" width=\"412\" height=\"412\" srcset=\"https:\/\/fiic.lat\/wp-content\/uploads\/2025\/06\/processed-7789E0E9-DA14-4865-8910-38AEB6A35478-1024x1024.jpeg 1024w, https:\/\/fiic.lat\/wp-content\/uploads\/2025\/06\/processed-7789E0E9-DA14-4865-8910-38AEB6A35478-300x300.jpeg 300w, https:\/\/fiic.lat\/wp-content\/uploads\/2025\/06\/processed-7789E0E9-DA14-4865-8910-38AEB6A35478-150x150.jpeg 150w, https:\/\/fiic.lat\/wp-content\/uploads\/2025\/06\/processed-7789E0E9-DA14-4865-8910-38AEB6A35478-768x768.jpeg 768w, https:\/\/fiic.lat\/wp-content\/uploads\/2025\/06\/processed-7789E0E9-DA14-4865-8910-38AEB6A35478-1536x1536.jpeg 1536w, https:\/\/fiic.lat\/wp-content\/uploads\/2025\/06\/processed-7789E0E9-DA14-4865-8910-38AEB6A35478-12x12.jpeg 12w, https:\/\/fiic.lat\/wp-content\/uploads\/2025\/06\/processed-7789E0E9-DA14-4865-8910-38AEB6A35478.jpeg 1870w\" sizes=\"(max-width: 412px) 100vw, 412px\" \/><\/figure>\n\n\n\n<p>Al salir, nos recibi\u00f3 una banda tradicional de la etnia gar\u00edfuna, t\u00edpica de la costa atl\u00e1ntica de Honduras, con instrumentos de percusi\u00f3n, como tambores y cantos en idioma gar\u00edfuna. \u00a1Nos ense\u00f1aron a bailar el baile punta con movimientos r\u00e1pidos de cadera y bailes colectivos!&nbsp; \u00a1Fue una actividad muy divertida!<\/p>\n\n\n\n<p>De regreso a San Pedro, nos dirigimos al restaurante La Ola, donde probamos algo t\u00edpico: \u00a1la sopa de caracol! Definitivamente, comprobamos que tienen una gastronom\u00eda llena de platos de mar, ceviches, etc.<\/p>\n\n\n\n<p>Al d\u00eda siguiente, nos recogieron para un City Tour por el Parque Central. Visitamos la Catedral Metropolitana San Pedro Ap\u00f3stol, un edificio moderno de los a\u00f1os 50, luego una peque\u00f1a biblioteca para ni\u00f1os al centro del parque, un lindo aporte cultural para la ciudad, y finalmente el Palacio Municipal. Pudimos ver el sal\u00f3n de sesiones, con un mobiliario elegante e impresionante. Desde el techo del edificio tomamos una linda foto panor\u00e1mica de la ciudad.<\/p>\n\n\n\n<p>Como siempre, lo lindo fue el encuentro con las \u201cDamas FIIC\u201d, \u00a1Poder ponernos al d\u00eda y pasar unos momentos muy simp\u00e1ticos entre risas y an\u00e9cdotas! \u00a1\u00a1Nos vemos en Rio de Janeiro!!.<\/p>\n\n\n\n<figure class=\"wp-block-image aligncenter size-large is-resized\"><img decoding=\"async\" loading=\"lazy\" src=\"https:\/\/fiic.lat\/wp-content\/uploads\/2025\/06\/original-06E1A33C-CFDA-434A-8D69-EAC265B94BF6-1024x768.jpeg\" alt=\"\" class=\"wp-image-4616\" width=\"407\" height=\"305\" srcset=\"https:\/\/fiic.lat\/wp-content\/uploads\/2025\/06\/original-06E1A33C-CFDA-434A-8D69-EAC265B94BF6-1024x768.jpeg 1024w, https:\/\/fiic.lat\/wp-content\/uploads\/2025\/06\/original-06E1A33C-CFDA-434A-8D69-EAC265B94BF6-300x225.jpeg 300w, https:\/\/fiic.lat\/wp-content\/uploads\/2025\/06\/original-06E1A33C-CFDA-434A-8D69-EAC265B94BF6-768x576.jpeg 768w, https:\/\/fiic.lat\/wp-content\/uploads\/2025\/06\/original-06E1A33C-CFDA-434A-8D69-EAC265B94BF6-16x12.jpeg 16w, https:\/\/fiic.lat\/wp-content\/uploads\/2025\/06\/original-06E1A33C-CFDA-434A-8D69-EAC265B94BF6.jpeg 1280w\" sizes=\"(max-width: 407px) 100vw, 407px\" \/><\/figure>","protected":false},"excerpt":{"rendered":"<p>Fuimos llegando, desde nuestros diferentes pa\u00edses, a San Pedro de Sula para la 91\u00b0 Reuni\u00f3n del Consejo Directivo FIIC.&nbsp; Esta vez fuimos un grupo de alrededor de 15 damas, con la alegr\u00eda y compa\u00f1erismo de siempre. Thelma y Leanela, nuestras queridas anfitrionas, se encargaron de todos los detalles y nos organizaron un programa variado para [&hellip;]<\/p>","protected":false},"author":6,"featured_media":0,"comment_status":"open","ping_status":"open","sticky":false,"template":"","format":"standard","meta":{"qubely_global_settings":"","qubely_interactions":""},"categories":[40,90,92],"tags":[],"blocksy_meta":"","qubely_featured_image_url":null,"qubely_author":{"display_name":"Noticias FIIC","author_link":"https:\/\/fiic.lat\/en\/author\/noticias\/"},"qubely_comment":1,"qubely_category":"<a href=\"https:\/\/fiic.lat\/en\/category\/noticia\/\" rel=\"category tag\">Noticia<\/a> <a href=\"https:\/\/fiic.lat\/en\/category\/noticia\/fiic\/\" rel=\"category tag\">FIIC<\/a> <a href=\"https:\/\/fiic.lat\/en\/category\/noticia\/mujeres-fiic\/\" rel=\"category tag\">Mujeres FIIC<\/a>","qubely_excerpt":"Fuimos llegando, desde nuestros diferentes pa\u00edses, a San Pedro de Sula para la 91\u00b0 Reuni\u00f3n del Consejo Directivo FIIC.&nbsp; Esta vez fuimos un grupo de alrededor de 15 damas, con la alegr\u00eda y compa\u00f1erismo de siempre. Thelma y Leanela, nuestras queridas anfitrionas, se encargaron de todos los detalles y nos organizaron un programa variado para&hellip;","_links":{"self":[{"href":"https:\/\/fiic.lat\/en\/wp-json\/wp\/v2\/posts\/4611"}],"collection":[{"href":"https:\/\/fiic.lat\/en\/wp-json\/wp\/v2\/posts"}],"about":[{"href":"https:\/\/fiic.lat\/en\/wp-json\/wp\/v2\/types\/post"}],"author":[{"embeddable":true,"href":"https:\/\/fiic.lat\/en\/wp-json\/wp\/v2\/users\/6"}],"replies":[{"embeddable":true,"href":"https:\/\/fiic.lat\/en\/wp-json\/wp\/v2\/comments?post=4611"}],"version-history":[{"count":3,"href":"https:\/\/fiic.lat\/en\/wp-json\/wp\/v2\/posts\/4611\/revisions"}],"predecessor-version":[{"id":4637,"href":"https:\/\/fiic.lat\/en\/wp-json\/wp\/v2\/posts\/4611\/revisions\/4637"}],"wp:attachment":[{"href":"https:\/\/fiic.lat\/en\/wp-json\/wp\/v2\/media?parent=4611"}],"wp:term":[{"taxonomy":"category","embeddable":true,"href":"https:\/\/fiic.lat\/en\/wp-json\/wp\/v2\/categories?post=4611"},{"taxonomy":"post_tag","embeddable":true,"href":"https:\/\/fiic.lat\/en\/wp-json\/wp\/v2\/tags?post=4611"}],"curies":[{"name":"wp","href":"https:\/\/api.w.org\/{rel}","templated":true}]}}