{"id":4543,"date":"2025-03-19T01:49:18","date_gmt":"2025-03-19T00:49:18","guid":{"rendered":"https:\/\/fiic.lat\/?p=4543"},"modified":"2025-03-19T01:49:18","modified_gmt":"2025-03-19T00:49:18","slug":"queridos-lectors-fiic","status":"publish","type":"post","link":"https:\/\/fiic.lat\/en\/queridos-lectors-fiic\/","title":{"rendered":"QUERIDOS LECTOR@S FIIC."},"content":{"rendered":"<p>Con mucho entusiasmo, los invitamos a nuestra pr\u00f3xima Reuni\u00f3n y Asamblea General, que se llevar\u00e1 a cabo del 19 al 21 de mayo en la ciudad de San Pedro Sula. La C\u00e1mara Hondure\u00f1a de la Industria de la Construcci\u00f3n (CHICO), ser\u00e1 la anfitriona de este evento, que promete ser tanto informativo como especial. Nos gustar\u00eda compartir algunos detalles sobre las emocionantes opciones de exploraci\u00f3n que se ofrecen en los d\u00edas siguientes.<\/p>\n\n\n\n<figure class=\"wp-block-image aligncenter size-full is-resized\"><img decoding=\"async\" loading=\"lazy\" src=\"https:\/\/fiic.lat\/wp-content\/uploads\/2025\/03\/MUJERESMARZO.jpg\" alt=\"\" class=\"wp-image-4546\" width=\"478\" height=\"358\" srcset=\"https:\/\/fiic.lat\/wp-content\/uploads\/2025\/03\/MUJERESMARZO.jpg 869w, https:\/\/fiic.lat\/wp-content\/uploads\/2025\/03\/MUJERESMARZO-300x225.jpg 300w, https:\/\/fiic.lat\/wp-content\/uploads\/2025\/03\/MUJERESMARZO-768x576.jpg 768w, https:\/\/fiic.lat\/wp-content\/uploads\/2025\/03\/MUJERESMARZO-16x12.jpg 16w\" sizes=\"(max-width: 478px) 100vw, 478px\" \/><\/figure>\n\n\n\n<p>San Pedro Sula, una ciudad en el coraz\u00f3n de Centroam\u00e9rica , servir\u00e1 como el tel\u00f3n de fondo perfecto para este encuentro. El Copantl Hotel &amp; Convention Center, seleccionado como sede, ofrecer\u00e1 un ambiente c\u00f3modo para nuestras actividades.<\/p>\n\n\n\n<p>Para aquellos que deseen prolongar su estancia y enriquecer su experiencia, la CHICO ha organizado dos paseos opcionales que no querr\u00e1n perderse. El primero es una visita a las impresionantes Ruinas de Cop\u00e1n, un sitio arqueol\u00f3gico maya que data del per\u00edodo Cl\u00e1sico. Conocido por su arquitectura monumental y esculturas brillantes, Cop\u00e1n ofrece un vistazo fascinante a la cultura maya.<\/p>\n\n\n\n<figure class=\"wp-block-image aligncenter size-full is-resized\"><img decoding=\"async\" loading=\"lazy\" src=\"https:\/\/fiic.lat\/wp-content\/uploads\/2025\/03\/MUJERES-MARZO13.jpg\" alt=\"\" class=\"wp-image-4547\" width=\"457\" height=\"457\" srcset=\"https:\/\/fiic.lat\/wp-content\/uploads\/2025\/03\/MUJERES-MARZO13.jpg 834w, https:\/\/fiic.lat\/wp-content\/uploads\/2025\/03\/MUJERES-MARZO13-300x300.jpg 300w, https:\/\/fiic.lat\/wp-content\/uploads\/2025\/03\/MUJERES-MARZO13-150x150.jpg 150w, https:\/\/fiic.lat\/wp-content\/uploads\/2025\/03\/MUJERES-MARZO13-768x768.jpg 768w, https:\/\/fiic.lat\/wp-content\/uploads\/2025\/03\/MUJERES-MARZO13-12x12.jpg 12w\" sizes=\"(max-width: 457px) 100vw, 457px\" \/><\/figure>\n\n\n\n<p>Aqu\u00ed, podr\u00e1n admirar templos, palacios y plazas que narran la historia de una civilizaci\u00f3n avanzada. Las esculturas de Cop\u00e1n son consideradas algunas de las m\u00e1s sofisticadas del mundo maya, representando gobernantes y deidades que hicieron historia. Adem\u00e1s, el Museo de Cop\u00e1n alberga una rica colecci\u00f3n de artefactos que complementan la visita, brindando contexto y profundidad a esta joya hist\u00f3rica.&nbsp;<\/p>\n\n\n\n<p>El segundo paseo opcional lleva a los visitantes a la espectacular Isla de Roat\u00e1n, famosa por sus playas de ensue\u00f1o y su rica biodiversidad. Este para\u00edso caribe\u00f1o es ideal para quienes buscan relajarse en la arena blanca de playas como Palancar o West Bay. Sin embargo, la aventura no termina ah\u00ed. Roat\u00e1n es reconocida internacionalmente por sus impresionantes arrecifes de coral, lo que la convierte en un destino de buceo y snorkel de primer nivel.<\/p>\n\n\n\n<figure class=\"wp-block-image aligncenter size-full is-resized\"><img decoding=\"async\" loading=\"lazy\" src=\"https:\/\/fiic.lat\/wp-content\/uploads\/2025\/03\/MUJERES-MARZO1333.jpg\" alt=\"\" class=\"wp-image-4545\" width=\"478\" height=\"478\" srcset=\"https:\/\/fiic.lat\/wp-content\/uploads\/2025\/03\/MUJERES-MARZO1333.jpg 899w, https:\/\/fiic.lat\/wp-content\/uploads\/2025\/03\/MUJERES-MARZO1333-300x300.jpg 300w, https:\/\/fiic.lat\/wp-content\/uploads\/2025\/03\/MUJERES-MARZO1333-150x150.jpg 150w, https:\/\/fiic.lat\/wp-content\/uploads\/2025\/03\/MUJERES-MARZO1333-768x768.jpg 768w, https:\/\/fiic.lat\/wp-content\/uploads\/2025\/03\/MUJERES-MARZO1333-12x12.jpg 12w\" sizes=\"(max-width: 478px) 100vw, 478px\" \/><\/figure>\n\n\n\n<p>Adem\u00e1s, las densas selvas tropicales de la isla ofrecen oportunidades para avistar flora y fauna ex\u00f3tica, haciendo de esta visita una experiencia inolvidable. Los t\u00edpicos pueblos de la isla, como Coxen Hole y French Harbour, brindan una aut\u00e9ntico de la vida local, con restaurantes y mercados que reflejan la cultura de Honduras .<\/p>\n\n\n\n<p>Esta reuni\u00f3n en San Pedro Sula es una excelente oportunidad para explorar la riqueza cultural y natural de Honduras. Las Ruinas de Cop\u00e1n y la Isla de Roat\u00e1n son solo un adelanto de lo que este hermoso pa\u00eds tiene para ofrecer.<\/p>\n\n\n\n<p>Esperamos verlos all\u00ed, para disfrutar de momentos memorables. <strong>\u00a1Nos vemos pronto en Honduras!<\/strong><\/p>","protected":false},"excerpt":{"rendered":"<p>Con mucho entusiasmo, los invitamos a nuestra pr\u00f3xima Reuni\u00f3n y Asamblea General, que se llevar\u00e1 a cabo del 19 al 21 de mayo en la ciudad de San Pedro Sula. La C\u00e1mara Hondure\u00f1a de la Industria de la Construcci\u00f3n (CHICO), ser\u00e1 la anfitriona de este evento, que promete ser tanto informativo como especial. Nos gustar\u00eda [&hellip;]<\/p>","protected":false},"author":6,"featured_media":4544,"comment_status":"open","ping_status":"open","sticky":false,"template":"","format":"standard","meta":{"qubely_global_settings":"","qubely_interactions":""},"categories":[40,90,92],"tags":[],"blocksy_meta":"","qubely_featured_image_url":{"full":["https:\/\/fiic.lat\/wp-content\/uploads\/2025\/03\/MUJEMARZO.png",701,717,false],"landscape":["https:\/\/fiic.lat\/wp-content\/uploads\/2025\/03\/MUJEMARZO.png",701,717,false],"portraits":["https:\/\/fiic.lat\/wp-content\/uploads\/2025\/03\/MUJEMARZO-540x320.png",540,320,true],"thumbnail":["https:\/\/fiic.lat\/wp-content\/uploads\/2025\/03\/MUJEMARZO-150x150.png",150,150,true],"medium":["https:\/\/fiic.lat\/wp-content\/uploads\/2025\/03\/MUJEMARZO-293x300.png",293,300,true],"medium_large":["https:\/\/fiic.lat\/wp-content\/uploads\/2025\/03\/MUJEMARZO.png",701,717,false],"large":["https:\/\/fiic.lat\/wp-content\/uploads\/2025\/03\/MUJEMARZO.png",701,717,false],"1536x1536":["https:\/\/fiic.lat\/wp-content\/uploads\/2025\/03\/MUJEMARZO.png",701,717,false],"2048x2048":["https:\/\/fiic.lat\/wp-content\/uploads\/2025\/03\/MUJEMARZO.png",701,717,false],"trp-custom-language-flag":["https:\/\/fiic.lat\/wp-content\/uploads\/2025\/03\/MUJEMARZO-12x12.png",12,12,true],"qubely_landscape":["https:\/\/fiic.lat\/wp-content\/uploads\/2025\/03\/MUJEMARZO.png",701,717,false],"qubely_portrait":["https:\/\/fiic.lat\/wp-content\/uploads\/2025\/03\/MUJEMARZO-540x320.png",540,320,true],"qubely_thumbnail":["https:\/\/fiic.lat\/wp-content\/uploads\/2025\/03\/MUJEMARZO-140x100.png",140,100,true]},"qubely_author":{"display_name":"Noticias FIIC","author_link":"https:\/\/fiic.lat\/en\/author\/noticias\/"},"qubely_comment":16,"qubely_category":"<a href=\"https:\/\/fiic.lat\/en\/category\/noticia\/\" rel=\"category tag\">Noticia<\/a> <a href=\"https:\/\/fiic.lat\/en\/category\/noticia\/fiic\/\" rel=\"category tag\">FIIC<\/a> <a href=\"https:\/\/fiic.lat\/en\/category\/noticia\/mujeres-fiic\/\" rel=\"category tag\">Mujeres FIIC<\/a>","qubely_excerpt":"Con mucho entusiasmo, los invitamos a nuestra pr\u00f3xima Reuni\u00f3n y Asamblea General, que se llevar\u00e1 a cabo del 19 al 21 de mayo en la ciudad de San Pedro Sula. La C\u00e1mara Hondure\u00f1a de la Industria de la Construcci\u00f3n (CHICO), ser\u00e1 la anfitriona de este evento, que promete ser tanto informativo como especial. Nos gustar\u00eda&hellip;","_links":{"self":[{"href":"https:\/\/fiic.lat\/en\/wp-json\/wp\/v2\/posts\/4543"}],"collection":[{"href":"https:\/\/fiic.lat\/en\/wp-json\/wp\/v2\/posts"}],"about":[{"href":"https:\/\/fiic.lat\/en\/wp-json\/wp\/v2\/types\/post"}],"author":[{"embeddable":true,"href":"https:\/\/fiic.lat\/en\/wp-json\/wp\/v2\/users\/6"}],"replies":[{"embeddable":true,"href":"https:\/\/fiic.lat\/en\/wp-json\/wp\/v2\/comments?post=4543"}],"version-history":[{"count":1,"href":"https:\/\/fiic.lat\/en\/wp-json\/wp\/v2\/posts\/4543\/revisions"}],"predecessor-version":[{"id":4548,"href":"https:\/\/fiic.lat\/en\/wp-json\/wp\/v2\/posts\/4543\/revisions\/4548"}],"wp:featuredmedia":[{"embeddable":true,"href":"https:\/\/fiic.lat\/en\/wp-json\/wp\/v2\/media\/4544"}],"wp:attachment":[{"href":"https:\/\/fiic.lat\/en\/wp-json\/wp\/v2\/media?parent=4543"}],"wp:term":[{"taxonomy":"category","embeddable":true,"href":"https:\/\/fiic.lat\/en\/wp-json\/wp\/v2\/categories?post=4543"},{"taxonomy":"post_tag","embeddable":true,"href":"https:\/\/fiic.lat\/en\/wp-json\/wp\/v2\/tags?post=4543"}],"curies":[{"name":"wp","href":"https:\/\/api.w.org\/{rel}","templated":true}]}}