{"id":4129,"date":"2024-06-22T06:46:11","date_gmt":"2024-06-22T04:46:11","guid":{"rendered":"https:\/\/fiic.lat\/?p=4129"},"modified":"2024-06-22T06:46:11","modified_gmt":"2024-06-22T04:46:11","slug":"museo-experimental-el-eco-busca-convertirse-en-un-referente-para-mexico-y-america-latina","status":"publish","type":"post","link":"https:\/\/fiic.lat\/en\/museo-experimental-el-eco-busca-convertirse-en-un-referente-para-mexico-y-america-latina\/","title":{"rendered":"MUSEO EXPERIMENTAL EL ECO BUSCA CONVERTIRSE EN UN REFERENTE PARA M\u00c9XICO Y AM\u00c9RICA LATINA."},"content":{"rendered":"<p>El Museo Experimental el Eco fue dise\u00f1ado por Mathias Goeritz en 1953 como un espacio para fusionar arte y arquitectura. Desde 2005, cuando la UNAM lo reinaugur\u00f3, el recinto cobr\u00f3 nuevo impulso para continuar con ese perfil al abrir otras relaciones con el entorno social, artistas contempor\u00e1neos, investigadores y todas las expresiones creativas actuales.<\/p>\n\n\n\n<p>Eco busca convertirse en un referente para M\u00e9xico y Am\u00e9rica Latina a trav\u00e9s de la activaci\u00f3n de conversaciones cr\u00edticas sobre el pasado, presente y futuro de la arquitectura, el arte y el dise\u00f1o.<\/p>\n\n\n\n<p>El programa de actividades se desarrolla a partir de ejes de investigaci\u00f3n ligados a los archivos y colecciones de la Direcci\u00f3n General de Artes Visuales, la Facultad de Arquitectura y el Centro de Investigaciones de Dise\u00f1o Industrial, entre otras entidades de la UNAM.<\/p>\n\n\n\n<p>Se encuentra en proceso, como parte de sus proyectos estrat\u00e9gicos, la creaci\u00f3n del Fondo Documental el Eco, el cual consiste en la implementaci\u00f3n de un amplio programa pedag\u00f3gico, la vinculaci\u00f3n con los alrededores del museo y el relanzamiento de la C\u00e1tedra Extraordinaria Mathias Goeritz de Arte y Arquitectura.<\/p>\n\n\n\n<p>Las piezas ser\u00e1n resguardadas por el Museo Universitario Arte Contempor\u00e1neo (MUAC). \u201cEn ese sentido, el Eco es su hermano menor, aunque seamos m\u00e1s viejos. Al no tener colecciones propias, se estar\u00e1 trabajando de cerca con las de otros recintos, como la Facultad de Arquitectura, que posee los archivos m\u00e1s importantes de dicha disciplina en el pa\u00eds y en Am\u00e9rica Latina. Otra l\u00ednea de desarrollo se relaciona con las investigaciones que se realizan en la UNAM, para generar estrategias de difusi\u00f3n de su trabajo\u201d.<\/p>\n\n\n\n<p>Mas Informaci\u00f3n del Museo: <\/p>\n\n\n\n<p><a href=\"https:\/\/www.bing.com\/ck\/a?!&amp;&amp;p=41acb7f91d676089JmltdHM9MTcxODY2ODgwMCZpZ3VpZD0wYjgyYzI0OC05NTIxLTZiMTQtMjg4OC1kMTZiOTQ1ODZhYmUmaW5zaWQ9NTI1OA&amp;ptn=3&amp;ver=2&amp;hsh=3&amp;fclid=0b82c248-9521-6b14-2888-d16b94586abe&amp;psq=Museo+Experimental+el+Eco+busca+convertirse+en+un+referente+para+M%c3%a9xico+y+Am%c3%a9rica+Latina&amp;u=a1aHR0cHM6Ly9lbGVjby51bmFtLm14Lw&amp;ntb=1\" target=\"_blank\" rel=\"noopener\">https:\/\/www.bing.com\/ck\/a?!&amp;&amp;p=41acb7f91d676089JmltdHM9MTcxODY2ODgwMCZpZ3VpZD0wYjgyYzI0OC05NTIxLTZiMTQtMjg4OC1kMTZiOTQ1ODZhYmUmaW5zaWQ9NTI1OA&amp;ptn=3&amp;ver=2&amp;hsh=3&amp;fclid=0b82c248-9521-6b14-2888-d16b94586abe&amp;psq=Museo+Experimental+el+Eco+busca+convertirse+en+un+referente+para+M%c3%a9xico+y+Am%c3%a9rica+Latina&amp;u=a1aHR0cHM6Ly9lbGVjby51bmFtLm14Lw&amp;ntb=1<\/a><\/p>","protected":false},"excerpt":{"rendered":"<p>El Museo Experimental el Eco fue dise\u00f1ado por Mathias Goeritz en 1953 como un espacio para fusionar arte y arquitectura. Desde 2005, cuando la UNAM lo reinaugur\u00f3, el recinto cobr\u00f3 nuevo impulso para continuar con ese perfil al abrir otras relaciones con el entorno social, artistas contempor\u00e1neos, investigadores y todas las expresiones creativas actuales. Eco [&hellip;]<\/p>","protected":false},"author":6,"featured_media":4131,"comment_status":"open","ping_status":"open","sticky":false,"template":"","format":"standard","meta":{"qubely_global_settings":"","qubely_interactions":""},"categories":[92],"tags":[],"blocksy_meta":"","qubely_featured_image_url":{"full":["https:\/\/fiic.lat\/wp-content\/uploads\/2024\/06\/nurt.jpg",990,556,false],"landscape":["https:\/\/fiic.lat\/wp-content\/uploads\/2024\/06\/nurt.jpg",990,556,false],"portraits":["https:\/\/fiic.lat\/wp-content\/uploads\/2024\/06\/nurt-540x320.jpg",540,320,true],"thumbnail":["https:\/\/fiic.lat\/wp-content\/uploads\/2024\/06\/nurt-150x150.jpg",150,150,true],"medium":["https:\/\/fiic.lat\/wp-content\/uploads\/2024\/06\/nurt-300x168.jpg",300,168,true],"medium_large":["https:\/\/fiic.lat\/wp-content\/uploads\/2024\/06\/nurt-768x431.jpg",768,431,true],"large":["https:\/\/fiic.lat\/wp-content\/uploads\/2024\/06\/nurt.jpg",990,556,false],"1536x1536":["https:\/\/fiic.lat\/wp-content\/uploads\/2024\/06\/nurt.jpg",990,556,false],"2048x2048":["https:\/\/fiic.lat\/wp-content\/uploads\/2024\/06\/nurt.jpg",990,556,false],"trp-custom-language-flag":["https:\/\/fiic.lat\/wp-content\/uploads\/2024\/06\/nurt-18x10.jpg",18,10,true],"qubely_landscape":["https:\/\/fiic.lat\/wp-content\/uploads\/2024\/06\/nurt.jpg",990,556,false],"qubely_portrait":["https:\/\/fiic.lat\/wp-content\/uploads\/2024\/06\/nurt-540x320.jpg",540,320,true],"qubely_thumbnail":["https:\/\/fiic.lat\/wp-content\/uploads\/2024\/06\/nurt-140x100.jpg",140,100,true]},"qubely_author":{"display_name":"Noticias FIIC","author_link":"https:\/\/fiic.lat\/en\/author\/noticias\/"},"qubely_comment":124,"qubely_category":"<a href=\"https:\/\/fiic.lat\/en\/category\/noticia\/mujeres-fiic\/\" rel=\"category tag\">Mujeres FIIC<\/a>","qubely_excerpt":"El Museo Experimental el Eco fue dise\u00f1ado por Mathias Goeritz en 1953 como un espacio para fusionar arte y arquitectura. Desde 2005, cuando la UNAM lo reinaugur\u00f3, el recinto cobr\u00f3 nuevo impulso para continuar con ese perfil al abrir otras relaciones con el entorno social, artistas contempor\u00e1neos, investigadores y todas las expresiones creativas actuales. Eco&hellip;","_links":{"self":[{"href":"https:\/\/fiic.lat\/en\/wp-json\/wp\/v2\/posts\/4129"}],"collection":[{"href":"https:\/\/fiic.lat\/en\/wp-json\/wp\/v2\/posts"}],"about":[{"href":"https:\/\/fiic.lat\/en\/wp-json\/wp\/v2\/types\/post"}],"author":[{"embeddable":true,"href":"https:\/\/fiic.lat\/en\/wp-json\/wp\/v2\/users\/6"}],"replies":[{"embeddable":true,"href":"https:\/\/fiic.lat\/en\/wp-json\/wp\/v2\/comments?post=4129"}],"version-history":[{"count":1,"href":"https:\/\/fiic.lat\/en\/wp-json\/wp\/v2\/posts\/4129\/revisions"}],"predecessor-version":[{"id":4132,"href":"https:\/\/fiic.lat\/en\/wp-json\/wp\/v2\/posts\/4129\/revisions\/4132"}],"wp:featuredmedia":[{"embeddable":true,"href":"https:\/\/fiic.lat\/en\/wp-json\/wp\/v2\/media\/4131"}],"wp:attachment":[{"href":"https:\/\/fiic.lat\/en\/wp-json\/wp\/v2\/media?parent=4129"}],"wp:term":[{"taxonomy":"category","embeddable":true,"href":"https:\/\/fiic.lat\/en\/wp-json\/wp\/v2\/categories?post=4129"},{"taxonomy":"post_tag","embeddable":true,"href":"https:\/\/fiic.lat\/en\/wp-json\/wp\/v2\/tags?post=4129"}],"curies":[{"name":"wp","href":"https:\/\/api.w.org\/{rel}","templated":true}]}}