{"id":3514,"date":"2023-05-19T18:32:21","date_gmt":"2023-05-19T16:32:21","guid":{"rendered":"https:\/\/fiic.lat\/?p=3514"},"modified":"2023-05-19T18:33:32","modified_gmt":"2023-05-19T16:33:32","slug":"camara-costarricense-de-la-construccion","status":"publish","type":"post","link":"https:\/\/fiic.lat\/en\/camara-costarricense-de-la-construccion\/","title":{"rendered":"<a href=\"http:\/\/fiic.la\/blog\/2023\/05\/16\/camara-costarricense-de-la-construccion-reconoce-avances-en-primer-ano-de-gobierno-pero-urge-soluciones-en-materia-de-reactivacion-y-seguridad\/\">C\u00e1mara Costarricense de la Construcci\u00f3n reconoce avances en primer a\u00f1o de gobierno,\u00a0pero urge soluciones en materia de reactivaci\u00f3n y seguridad<\/a>"},"content":{"rendered":"<ul>\n<li><em>Pide al Ejecutivo impulsar la construcci\u00f3n de obra p\u00fablica, eliminar trabas a la cartera de proyectos de la CCSS, acelerar la soluci\u00f3n a&nbsp;<\/em><em>problemas de gesti\u00f3n del AyA, y atender temas relacionados con el clima de inversi\u00f3n, incluyendo seguridad, pol\u00edtica cambiaria y tasas de inter\u00e9s.&nbsp;<\/em>&nbsp;<\/li>\n\n\n\n<li><em>Instan en este segundo a\u00f1o de la administraci\u00f3n Chaves a trabajar en conjunto para definir e implementar acciones prioritarias en beneficio del pa\u00eds.&nbsp;<\/em>&nbsp;<\/li>\n<\/ul>\n\n\n\n<p><strong>Mayo, 2023.&nbsp;<\/strong>Al cumplirse un a\u00f1o de la Administraci\u00f3n Chaves Robles, la C\u00e1mara Costarricense de la Construcci\u00f3n (CCC) reconoce avances importantes en beneficio del sector; sin embargo, exhortan al Poder Ejecutivo y al Legislativo a implementar soluciones urgentes en materia de reactivaci\u00f3n econ\u00f3mica y seguridad.&nbsp;&nbsp;<\/p>\n\n\n\n<p>La CCC se\u00f1al\u00f3 que considera un acierto el enfoque\u202fdel gobierno en la facilitaci\u00f3n\u202fde\u202fnegocios y mejora regulatoria que se ha tenido hasta la fecha, con iniciativas que buscan simplificar tr\u00e1mites.\u202fEntre ellos, la nueva reglamentaci\u00f3n\u202fde la\u202fSecretar\u00eda T\u00e9cnica Nacional Ambiental (Setena), que era uno de los temas pendientes desde a\u00f1os atr\u00e1s.&nbsp;<\/p>\n\n\n\n<p>Asimismo, el Reglamento Nacional de Protecci\u00f3n contra Incendios, el cual, luego de 10 sesiones de trabajo del Comit\u00e9 T\u00e9cnico, finaliz\u00f3 el proceso de redacci\u00f3n de una primera propuesta para la actualizaci\u00f3n de esta normativa, en lo referente a la rehabilitaci\u00f3n de edificios existentes para uso habitacional. No obstante, a\u00fan falta un largo camino por recorrer en los apartados restantes de esta normativa.&nbsp;<\/p>\n\n\n\n<p>Al arrancar el segundo a\u00f1o de gobierno, el presidente de la CCC, Ing. Carlos Trejos Rivera, solicit\u00f3 al gobierno mantener una f\u00e9rrea disciplina fiscal en materia\u202fde\u202fgasto corriente, asegurando que no se afecte la inversi\u00f3n en obra p\u00fablica, la cual arrastra una desaceleraci\u00f3n desde el a\u00f1o 2017.&nbsp;<\/p>\n\n\n\n<p>\u201cResulta fundamental implementar acciones que impulsen la reactivaci\u00f3n econ\u00f3mica, as\u00ed como procurar la estabilidad\u202fde\u202fvariables macroecon\u00f3micas, como el\u202ftipo\u202fde\u202fcambio\u202fy una baja en las tasas\u202fde\u202finter\u00e9s, para mejorar la competitividad pa\u00eds y el clima de negocios\u201d, acot\u00f3 Trejos Rivera.&nbsp;&nbsp;<\/p>\n\n\n\n<p>\u201cEs necesario trabajar en acciones m\u00e1s contundentes para reactivar la econom\u00eda nacional. En particular, el sector construcci\u00f3n muestra una situaci\u00f3n preocupante de fuerte ca\u00edda en su actividad econ\u00f3mica. Adem\u00e1s; consideramos urgente que las autoridades encuentren una soluci\u00f3n a la crisis de seguridad que vivimos, pues esto impacta fuertemente en la sociedad y en la imagen internacional del pa\u00eds, lo que podr\u00eda traer consecuencias negativas en la atracci\u00f3n de inversiones en un futuro\u201d, manifest\u00f3 el presidente de la CCC.&nbsp;&nbsp;<\/p>\n\n\n\n<p>A pesar de estos logros positivos, el presidente de la organizaci\u00f3n gremial inst\u00f3 al gobierno y a las autoridades de la Caja Costarricense de Seguro Social (CCSS), no frenar el avance de los estudios para proyectos de inversi\u00f3n con los que cuenta la entidad a la fecha.&nbsp;<\/p>\n\n\n\n<p>\u201cSaldr\u00e1 m\u00e1s caro frenar los estudios ya iniciados. Adem\u00e1s, es importante continuarlos para que cuando la situaci\u00f3n de la Caja mejore y decidan avanzar con los proyectos, no se presenten atrasos adicionales para arrancar las obras\u201d, dijo Trejos.&nbsp;<\/p>\n\n\n\n<p>Finalmente, reiter\u00f3 la importancia de conformar un grupo de trabajo especial, con la\u202fparticipaci\u00f3n de jerarcas de gobierno y\u202frepresentantes de esta c\u00e1mara,\u202f\u201cpara definir e\u202fimplementar las acciones prioritarias para\u202fduplicar el PIB de la construcci\u00f3n en los pr\u00f3ximos\u202ftres a\u00f1os\u201d, concluy\u00f3.&nbsp;&nbsp;<\/p>\n\n\n\n<p><strong>Otras preocupaciones<\/strong>&nbsp;<\/p>\n\n\n\n<ul>\n<li>Garantizar la disponibilidad de agua potable en todo el pa\u00eds para atender las necesidades crecientes de la poblaci\u00f3n y de las actividades productivas. Es preocupante el rezago en los proyectos de inversi\u00f3n del Instituto de Acueductos y Alcantarillados (AyA).&nbsp;&nbsp;<\/li>\n\n\n\n<li>Dificultades de acceso al cr\u00e9dito, se requiere mejora de condiciones y fundamentalmente una reducci\u00f3n importante en las de tasas de inter\u00e9s.&nbsp;<\/li>\n\n\n\n<li>Pr\u00f3ximo incremento en el Impuesto de Valor Agregado (IVA) a los servicios de construcci\u00f3n al 13% a partir de setiembre.&nbsp;&nbsp;<\/li>\n\n\n\n<li>Mejorar el acceso a la vivienda para incentivar el crecimiento econ\u00f3mico.&nbsp;&nbsp;<\/li>\n<\/ul>\n\n\n\n<p><strong>Sector Construcci\u00f3n en cifras<\/strong>&nbsp;<\/p>\n\n\n\n<p>El sector construcci\u00f3n experiment\u00f3 una fuerte desaceleraci\u00f3n a partir de abril del 2022. En promedio, durante 2022 el IMAE construcci\u00f3n se desaceler\u00f3 un -6%. Para el inicio del 2023, la construcci\u00f3n se mantiene en desaceleraci\u00f3n, mientras que la econom\u00eda en general revierte levemente la tendencia a la baja.&nbsp;&nbsp;<\/p>\n\n\n\n<p>La tasa de variaci\u00f3n interanual del IMAE construcci\u00f3n para febrero 2023 se ubica en -4,3%. Parte de este comportamiento responde a las condiciones poco favorables en las que culmin\u00f3 el 2022 y a la incertidumbre actual respecto a tasas de inter\u00e9s, precios y tipo de cambio.&nbsp;&nbsp;<\/p>\n\n\n\n<p>La construcci\u00f3n p\u00fablica muestra una tendencia decreciente desde noviembre de 2017 (per\u00edodo en que experiment\u00f3 una importante desaceleraci\u00f3n). Posteriormente, el comportamiento se mantuvo irregular hasta febrero de 2021. A partir de este mes, la construcci\u00f3n con destino p\u00fablico entr\u00f3 en crisis. En 2022 se mostr\u00f3 una contracci\u00f3n mensual promedio interanual del -18%. Para el inicio del 2023, la tasa de variaci\u00f3n interanual del IMAE construcci\u00f3n p\u00fablica a\u00fan contin\u00faa contray\u00e9ndose (febrero 2023: -8%).&nbsp;<\/p>\n\n\n\n<figure class=\"wp-block-image size-full\"><img decoding=\"async\" loading=\"lazy\" width=\"730\" height=\"486\" src=\"https:\/\/fiic.lat\/wp-content\/uploads\/2023\/05\/image-1-1.webp\" alt=\"\" class=\"wp-image-3515\" srcset=\"https:\/\/fiic.lat\/wp-content\/uploads\/2023\/05\/image-1-1.webp 730w, https:\/\/fiic.lat\/wp-content\/uploads\/2023\/05\/image-1-1-300x200.webp 300w, https:\/\/fiic.lat\/wp-content\/uploads\/2023\/05\/image-1-1-18x12.webp 18w\" sizes=\"(max-width: 730px) 100vw, 730px\" \/><\/figure>","protected":false},"excerpt":{"rendered":"<p>Mayo, 2023.&nbsp;Al cumplirse un a\u00f1o de la Administraci\u00f3n Chaves Robles, la C\u00e1mara Costarricense de la Construcci\u00f3n (CCC) reconoce avances importantes en beneficio del sector; sin embargo, exhortan al Poder Ejecutivo y al Legislativo a implementar soluciones urgentes en materia de reactivaci\u00f3n econ\u00f3mica y seguridad.&nbsp;&nbsp; La CCC se\u00f1al\u00f3 que considera un acierto el enfoque\u202fdel gobierno en [&hellip;]<\/p>","protected":false},"author":6,"featured_media":3516,"comment_status":"open","ping_status":"open","sticky":false,"template":"","format":"standard","meta":{"qubely_global_settings":"","qubely_interactions":""},"categories":[94,40],"tags":[],"blocksy_meta":"","qubely_featured_image_url":{"full":["https:\/\/fiic.lat\/wp-content\/uploads\/2023\/05\/image-4.webp",509,436,false],"landscape":["https:\/\/fiic.lat\/wp-content\/uploads\/2023\/05\/image-4.webp",509,436,false],"portraits":["https:\/\/fiic.lat\/wp-content\/uploads\/2023\/05\/image-4-509x320.webp",509,320,true],"thumbnail":["https:\/\/fiic.lat\/wp-content\/uploads\/2023\/05\/image-4-150x150.webp",150,150,true],"medium":["https:\/\/fiic.lat\/wp-content\/uploads\/2023\/05\/image-4-300x257.webp",300,257,true],"medium_large":["https:\/\/fiic.lat\/wp-content\/uploads\/2023\/05\/image-4.webp",509,436,false],"large":["https:\/\/fiic.lat\/wp-content\/uploads\/2023\/05\/image-4.webp",509,436,false],"1536x1536":["https:\/\/fiic.lat\/wp-content\/uploads\/2023\/05\/image-4.webp",509,436,false],"2048x2048":["https:\/\/fiic.lat\/wp-content\/uploads\/2023\/05\/image-4.webp",509,436,false],"trp-custom-language-flag":["https:\/\/fiic.lat\/wp-content\/uploads\/2023\/05\/image-4-14x12.webp",14,12,true],"qubely_landscape":["https:\/\/fiic.lat\/wp-content\/uploads\/2023\/05\/image-4.webp",509,436,false],"qubely_portrait":["https:\/\/fiic.lat\/wp-content\/uploads\/2023\/05\/image-4-509x320.webp",509,320,true],"qubely_thumbnail":["https:\/\/fiic.lat\/wp-content\/uploads\/2023\/05\/image-4-140x100.webp",140,100,true]},"qubely_author":{"display_name":"Noticias FIIC","author_link":"https:\/\/fiic.lat\/en\/author\/noticias\/"},"qubely_comment":0,"qubely_category":"<a href=\"https:\/\/fiic.lat\/en\/category\/costa-rica\/\" rel=\"category tag\">Costa Rica<\/a> <a href=\"https:\/\/fiic.lat\/en\/category\/noticia\/\" rel=\"category tag\">Noticia<\/a>","qubely_excerpt":"Mayo, 2023.&nbsp;Al cumplirse un a\u00f1o de la Administraci\u00f3n Chaves Robles, la C\u00e1mara Costarricense de la Construcci\u00f3n (CCC) reconoce avances importantes en beneficio del sector; sin embargo, exhortan al Poder Ejecutivo y al Legislativo a implementar soluciones urgentes en materia de reactivaci\u00f3n econ\u00f3mica y seguridad.&nbsp;&nbsp; La CCC se\u00f1al\u00f3 que considera un acierto el enfoque\u202fdel gobierno en&hellip;","_links":{"self":[{"href":"https:\/\/fiic.lat\/en\/wp-json\/wp\/v2\/posts\/3514"}],"collection":[{"href":"https:\/\/fiic.lat\/en\/wp-json\/wp\/v2\/posts"}],"about":[{"href":"https:\/\/fiic.lat\/en\/wp-json\/wp\/v2\/types\/post"}],"author":[{"embeddable":true,"href":"https:\/\/fiic.lat\/en\/wp-json\/wp\/v2\/users\/6"}],"replies":[{"embeddable":true,"href":"https:\/\/fiic.lat\/en\/wp-json\/wp\/v2\/comments?post=3514"}],"version-history":[{"count":3,"href":"https:\/\/fiic.lat\/en\/wp-json\/wp\/v2\/posts\/3514\/revisions"}],"predecessor-version":[{"id":3519,"href":"https:\/\/fiic.lat\/en\/wp-json\/wp\/v2\/posts\/3514\/revisions\/3519"}],"wp:featuredmedia":[{"embeddable":true,"href":"https:\/\/fiic.lat\/en\/wp-json\/wp\/v2\/media\/3516"}],"wp:attachment":[{"href":"https:\/\/fiic.lat\/en\/wp-json\/wp\/v2\/media?parent=3514"}],"wp:term":[{"taxonomy":"category","embeddable":true,"href":"https:\/\/fiic.lat\/en\/wp-json\/wp\/v2\/categories?post=3514"},{"taxonomy":"post_tag","embeddable":true,"href":"https:\/\/fiic.lat\/en\/wp-json\/wp\/v2\/tags?post=3514"}],"curies":[{"name":"wp","href":"https:\/\/api.w.org\/{rel}","templated":true}]}}