{"id":3495,"date":"2023-02-14T07:54:00","date_gmt":"2023-02-14T06:54:00","guid":{"rendered":"https:\/\/fiic.lat\/?p=3495"},"modified":"2023-05-08T19:55:12","modified_gmt":"2023-05-08T17:55:12","slug":"sector-construccion-sigue-en-cris","status":"publish","type":"post","link":"https:\/\/fiic.lat\/en\/sector-construccion-sigue-en-cris\/","title":{"rendered":"<a href=\"http:\/\/fiic.la\/blog\/2023\/02\/14\/sector-construccion-sigue-en-crisis-y-urge-plan-de-accion\/\">Sector Construcci\u00f3n sigue en crisis y urge plan de acci\u00f3n<\/a>"},"content":{"rendered":"<ul>\n<li><em>El riesgo de mayores aumentos en las tasas de inter\u00e9s y la inflaci\u00f3n, as\u00ed como el aumento de un 8% a un 13% en el IVA, sin duda representan un desincentivo a la construcci\u00f3n y el desarrollo de proyectos.<\/em><\/li>\n\n\n\n<li><em>C\u00e1mara de la Construcci\u00f3n pide entre otros aspectos congelar IVA en 8% por 24 meses y conformar un grupo de trabajo para impulsar acciones concretas que permitan duplicar el PIB del sector construcci\u00f3n en pr\u00f3ximos tres a\u00f1os.<\/em><\/li>\n<\/ul>\n\n\n\n<p><strong>Enero, 2023.&nbsp;<\/strong>El sector construcci\u00f3n contin\u00faa en una situaci\u00f3n compleja, sin lograr aportar lo esperado a la reactivaci\u00f3n econ\u00f3mica que tanto necesita el pa\u00eds. Para la C\u00e1mara Costarricense de la Construcci\u00f3n (CCC) no hay una ruta clara, por parte de las autoridades de gobierno, con acciones concretas que favorezcan la ejecuci\u00f3n de obras.<\/p>\n\n\n\n<p>En una conferencia de prensa desarrollada este jueves 26 de enero, Carlos Trejos, presidente de la CCC se\u00f1al\u00f3 que actualmente el riesgo de mayores aumentos en las tasas de inter\u00e9s y la inflaci\u00f3n, representan un desincentivo a la construcci\u00f3n y el desarrollo de proyectos.<\/p>\n\n\n\n<p>\u201cEl riesgo de mayores aumentos en las tasas de inter\u00e9s implica un panorama a\u00fan m\u00e1s complejo para la construcci\u00f3n. La tasa activa negociada para actividades inmobiliarias ha crecido, en promedio, 3 puntos porcentuales de enero a diciembre de 2022 tanto en bancos estatales como privados. Las tasas para construcci\u00f3n han crecido, en promedio, 4 puntos porcentuales en el mismo per\u00edodo\u201d se\u00f1al\u00f3 Trejos.<\/p>\n\n\n\n<p><strong>Sector en cifras<\/strong>:<\/p>\n\n\n\n<p>Actualmente la participaci\u00f3n directa en el Producto Interno Bruto (PIB) es de 3.6%,&nbsp;la m\u00e1s baja desde 1991, adem\u00e1s, el sector se contrajo un -8.6% respecto a 2021, seg\u00fan este indicador. \u201cLo que nos hace pronosticar un estancamiento para este 2023\u201d, a\u00f1adi\u00f3 Trejos.<\/p>\n\n\n\n<p>Entre abril y noviembre 2022 el IMAE Construcci\u00f3n registr\u00f3 una contracci\u00f3n&nbsp;promedio del -14%, provocada por un fuerte decrecimiento en la obra p\u00fablica.<\/p>\n\n\n\n<p>\u201cTenemos que destacar que, a pesar del inter\u00e9s del sector privado de mantener la ejecuci\u00f3n de obras, si no hay acompa\u00f1amiento de infraestructura p\u00fablica como carreteras, acueductos, puertos, escuelas, as\u00ed como de otras acciones por parte de las autoridades de gobierno, la situaci\u00f3n del sector se volver\u00e1 insostenible\u201d, alert\u00f3 el presidente de la C\u00e1mara.<\/p>\n\n\n\n<p>De acuerdo con cifras del Informe del Estado de La Naci\u00f3n (2022), la inversi\u00f3n p\u00fablica en capital decreci\u00f3 un -22.7% entre 2020 y 2021, mientras que la inversi\u00f3n privada en capital creci\u00f3 +17.1% en el mismo periodo. Esta situaci\u00f3n impacta de manera directa la competitividad y la calidad de vida de los habitantes del pa\u00eds.<\/p>\n\n\n\n<p>La disminuci\u00f3n en el peso de la construcci\u00f3n sobre el PIB total se da desde 2008 y no responde a situaciones particulares de la pandemia \u00fanicamente, sino que responde a situaciones estructurales.&nbsp;<\/p>\n\n\n\n<p><strong>Acciones prioritarias para la reactivaci\u00f3n del sector construcci\u00f3n:<\/strong><\/p>\n\n\n\n<p><strong>Mejora en&nbsp;<\/strong><strong>el acceso a vivienda para reactivar la econom\u00eda.<\/strong>&nbsp;Reducir las tasas de inter\u00e9s y mejorar las condiciones preferenciales para cr\u00e9ditos, \u201cas\u00ed como la implementaci\u00f3n de nuevos esquemas de financiamiento, utilizaci\u00f3n de fondos de pensiones, entre otros\u200b\u201d, explic\u00f3 Trejos<\/p>\n\n\n\n<p><strong>Garantizar disponibilidad de agua potable<\/strong>\u200b. Mejorar la eficiencia en la gesti\u00f3n del Instituto Costarricense de Acueductos y Alcantarillados, para acelerar la ejecuci\u00f3n de las obras que se requieren garantizar el abastecimiento de agua potable a la poblaci\u00f3n y al sector productivo.<\/p>\n\n\n\n<p>Atenci\u00f3n de proyectos de emergencia, que incluya la definici\u00f3n de un agresivo plan de mediano y largo plazo que garanticen la ejecuci\u00f3n de los proyectos de Reducci\u00f3n de Agua no Contabilizada (RANC) y de Ampliaci\u00f3n del Acueducto Metropolitano (PAAM).<\/p>\n\n\n\n<p><strong>Impulsar la obra p\u00fablica para mejorar la competitividad<\/strong>\u200b. La CCC hizo un llamado urgente al gobierno de la Rep\u00fablica para atender y aumentar el rezago en la infraestructura p\u00fablica, \u201cesto garantizar\u00e1 un acompa\u00f1amiento al sector privado que genere encadenamientos en la b\u00fasqueda de reactivar la econom\u00eda nacional\u201d, acot\u00f3 Trejos al tiempo que plante\u00f3 la necesidad de ampliar el uso de las Alianzas P\u00fablico- Privadas.<\/p>\n\n\n\n<p><strong>Acelerar mejora en tr\u00e1mites y permisos.&nbsp;<\/strong>Ante la cantidad de tr\u00e1mites burocr\u00e1ticos y el tiempo en la aprobaci\u00f3n de permisos y otros documentos, la C\u00e1mara inst\u00f3 al Poder Ejecutivo a profundizar y acelerar la mejora regulatoria para el sector construcci\u00f3n.&nbsp;\u200bAdem\u00e1s, se\u00f1alaron la necesidad de vigilancia sobre los resultados e impacto concreto de iniciativas como \u201cLe dejamos trabajar\u201d.&nbsp;&nbsp;\u200b<\/p>\n\n\n\n<p><strong>Finanzas p\u00fablicas.&nbsp;<\/strong>La entidad gremial exhort\u00f3 al gobierno de la Rep\u00fablica a evitar m\u00e1s cargas impositivas sobre&nbsp;el sector productivo los cuales provocar\u00edan una ralentizaci\u00f3n de la actividad econ\u00f3mica.<\/p>\n\n\n\n<p>\u201cInstamos a las autoridades a aplicar medidas eficientes y eficaces en la ejecuci\u00f3n adecuada del gasto, pero asegur\u00e1ndose de que los recortes que se realicen no afecten la inversi\u00f3n p\u00fablica\u201d, concluy\u00f3 Carlos Trejos presidente de la C\u00e1mara Costarricense de la Construcci\u00f3n.<\/p>\n\n\n\n<p><strong>IVA servicios de construcci\u00f3n.&nbsp;<\/strong>La C\u00e1mara Costarricense de la Construcci\u00f3n plante\u00f3 al gobiernocongelar el Impuesto al Valor Agregado por 24 meses para mantener el 8%&nbsp;actual, ya que est\u00e1 previsto que aumente a un 13% a partir de setiembre.<\/p>\n\n\n\n<p><strong>Duplicar el PIB.&nbsp;<\/strong>\u201cProponemos al gobierno de la Rep\u00fablica impulsar acciones para&nbsp;duplicar el Producto Interno Bruto (PIB) del sector construcci\u00f3n&nbsp;con el objetivo de reactivar la econom\u00eda nacional.&nbsp;\u200bPor medio del incremento en la inversi\u00f3n en obra p\u00fablica y el fomento a la vivienda y a la inversi\u00f3n inmobiliaria, se generar\u00eda un fuerte impulso a la actividad econ\u00f3mica y empleo\u201d, dijo el presidente de la CCC, Carlos Trejos.<\/p>\n\n\n\n<p><strong>Grupo de trabajo especial.&nbsp;<\/strong>Por \u00faltimo, en la conferencia de prensa, la C\u00e1mara de la Construcci\u00f3n destac\u00f3 la importancia de conformar un grupo de trabajo especial, con la&nbsp;participaci\u00f3n de jerarcas de gobierno y&nbsp;representantes de esta c\u00e1mara,&nbsp;para definir e&nbsp;implementar las acciones prioritarias para&nbsp;duplicar el PIB de la construcci\u00f3n en los pr\u00f3ximos&nbsp;tres a\u00f1os.\u200b<\/p>\n\n\n\n<figure class=\"wp-block-image size-large\"><img decoding=\"async\" loading=\"lazy\" width=\"1024\" height=\"597\" src=\"https:\/\/fiic.lat\/wp-content\/uploads\/2023\/02\/Construccion-en-crisis-2-1024x597.jpg\" alt=\"\" class=\"wp-image-2986\" srcset=\"https:\/\/fiic.lat\/wp-content\/uploads\/2023\/02\/Construccion-en-crisis-2-1024x597.jpg 1024w, https:\/\/fiic.lat\/wp-content\/uploads\/2023\/02\/Construccion-en-crisis-2-300x175.jpg 300w, https:\/\/fiic.lat\/wp-content\/uploads\/2023\/02\/Construccion-en-crisis-2-768x448.jpg 768w, https:\/\/fiic.lat\/wp-content\/uploads\/2023\/02\/Construccion-en-crisis-2.jpg 1200w\" sizes=\"(max-width: 1024px) 100vw, 1024px\" \/><\/figure>\n\n\n\n<p><\/p>","protected":false},"excerpt":{"rendered":"<p>Enero, 2023.&nbsp;El sector construcci\u00f3n contin\u00faa en una situaci\u00f3n compleja, sin lograr aportar lo esperado a la reactivaci\u00f3n econ\u00f3mica que tanto necesita el pa\u00eds. Para la C\u00e1mara Costarricense de la Construcci\u00f3n (CCC) no hay una ruta clara, por parte de las autoridades de gobierno, con acciones concretas que favorezcan la ejecuci\u00f3n de obras. En una conferencia [&hellip;]<\/p>","protected":false},"author":6,"featured_media":2985,"comment_status":"open","ping_status":"open","sticky":false,"template":"","format":"standard","meta":{"qubely_global_settings":"","qubely_interactions":""},"categories":[94,40],"tags":[],"blocksy_meta":"","qubely_featured_image_url":{"full":["https:\/\/fiic.lat\/wp-content\/uploads\/2023\/02\/Construccion-en-crisis.jpg",1200,700,false],"landscape":["https:\/\/fiic.lat\/wp-content\/uploads\/2023\/02\/Construccion-en-crisis.jpg",1200,700,false],"portraits":["https:\/\/fiic.lat\/wp-content\/uploads\/2023\/02\/Construccion-en-crisis-540x320.jpg",540,320,true],"thumbnail":["https:\/\/fiic.lat\/wp-content\/uploads\/2023\/02\/Construccion-en-crisis-150x150.jpg",150,150,true],"medium":["https:\/\/fiic.lat\/wp-content\/uploads\/2023\/02\/Construccion-en-crisis-300x175.jpg",300,175,true],"medium_large":["https:\/\/fiic.lat\/wp-content\/uploads\/2023\/02\/Construccion-en-crisis-768x448.jpg",768,448,true],"large":["https:\/\/fiic.lat\/wp-content\/uploads\/2023\/02\/Construccion-en-crisis-1024x597.jpg",1024,597,true],"1536x1536":["https:\/\/fiic.lat\/wp-content\/uploads\/2023\/02\/Construccion-en-crisis.jpg",1200,700,false],"2048x2048":["https:\/\/fiic.lat\/wp-content\/uploads\/2023\/02\/Construccion-en-crisis.jpg",1200,700,false],"trp-custom-language-flag":["https:\/\/fiic.lat\/wp-content\/uploads\/2023\/02\/Construccion-en-crisis-18x12.jpg",18,12,true],"qubely_landscape":["https:\/\/fiic.lat\/wp-content\/uploads\/2023\/02\/Construccion-en-crisis.jpg",1200,700,false],"qubely_portrait":["https:\/\/fiic.lat\/wp-content\/uploads\/2023\/02\/Construccion-en-crisis-540x320.jpg",540,320,true],"qubely_thumbnail":["https:\/\/fiic.lat\/wp-content\/uploads\/2023\/02\/Construccion-en-crisis-140x100.jpg",140,100,true]},"qubely_author":{"display_name":"Noticias FIIC","author_link":"https:\/\/fiic.lat\/en\/author\/noticias\/"},"qubely_comment":1,"qubely_category":"<a href=\"https:\/\/fiic.lat\/en\/category\/costa-rica\/\" rel=\"category tag\">Costa Rica<\/a> <a href=\"https:\/\/fiic.lat\/en\/category\/noticia\/\" rel=\"category tag\">Noticia<\/a>","qubely_excerpt":"Enero, 2023.&nbsp;El sector construcci\u00f3n contin\u00faa en una situaci\u00f3n compleja, sin lograr aportar lo esperado a la reactivaci\u00f3n econ\u00f3mica que tanto necesita el pa\u00eds. Para la C\u00e1mara Costarricense de la Construcci\u00f3n (CCC) no hay una ruta clara, por parte de las autoridades de gobierno, con acciones concretas que favorezcan la ejecuci\u00f3n de obras. En una conferencia&hellip;","_links":{"self":[{"href":"https:\/\/fiic.lat\/en\/wp-json\/wp\/v2\/posts\/3495"}],"collection":[{"href":"https:\/\/fiic.lat\/en\/wp-json\/wp\/v2\/posts"}],"about":[{"href":"https:\/\/fiic.lat\/en\/wp-json\/wp\/v2\/types\/post"}],"author":[{"embeddable":true,"href":"https:\/\/fiic.lat\/en\/wp-json\/wp\/v2\/users\/6"}],"replies":[{"embeddable":true,"href":"https:\/\/fiic.lat\/en\/wp-json\/wp\/v2\/comments?post=3495"}],"version-history":[{"count":1,"href":"https:\/\/fiic.lat\/en\/wp-json\/wp\/v2\/posts\/3495\/revisions"}],"predecessor-version":[{"id":3496,"href":"https:\/\/fiic.lat\/en\/wp-json\/wp\/v2\/posts\/3495\/revisions\/3496"}],"wp:featuredmedia":[{"embeddable":true,"href":"https:\/\/fiic.lat\/en\/wp-json\/wp\/v2\/media\/2985"}],"wp:attachment":[{"href":"https:\/\/fiic.lat\/en\/wp-json\/wp\/v2\/media?parent=3495"}],"wp:term":[{"taxonomy":"category","embeddable":true,"href":"https:\/\/fiic.lat\/en\/wp-json\/wp\/v2\/categories?post=3495"},{"taxonomy":"post_tag","embeddable":true,"href":"https:\/\/fiic.lat\/en\/wp-json\/wp\/v2\/tags?post=3495"}],"curies":[{"name":"wp","href":"https:\/\/api.w.org\/{rel}","templated":true}]}}