{"id":3490,"date":"2023-02-14T07:49:00","date_gmt":"2023-02-14T06:49:00","guid":{"rendered":"https:\/\/fiic.lat\/?p=3490"},"modified":"2023-05-08T19:51:05","modified_gmt":"2023-05-08T17:51:05","slug":"la-federacion-interamericana-de-la-industria-de-la-construccion-en-su-encuentro-con-la-federacion-interamericana-del-cemento","status":"publish","type":"post","link":"https:\/\/fiic.lat\/en\/la-federacion-interamericana-de-la-industria-de-la-construccion-en-su-encuentro-con-la-federacion-interamericana-del-cemento\/","title":{"rendered":"<a href=\"http:\/\/fiic.la\/blog\/2023\/02\/14\/la-federacion-interamericana-de-la-industria-de-la-construccion-fiic-en-su-encuentro-con-la-federacion-interamericana-del-cemento-ficem-en-guatemala\/\">La Federaci\u00f3n Interamericana de la Industria de la Construcci\u00f3n (FIIC), en su encuentro con la Federaci\u00f3n Interamericana del Cemento (FICEM) en Guatemala.<\/a>"},"content":{"rendered":"<p>La visita cont\u00f3 con la presencia del Arq. Giuseppe Angelucci, presidente de FIIC y el Sec.Gral Ing. Eduardo Ram\u00edrez; Jos\u00e9 Ra\u00fal Gonz\u00e1lez, presidente de FICEM .<\/p>\n\n\n\n<p>La FIIC se reuni\u00f3 con la Federaci\u00f3n Interamericana del Cemento (FICEM) con la finalidad de generar sinergias e intercambiar ideas para as\u00ed reconocer las necesidades y estrategias conjuntas para lograr la sustentabilidad en nuestras industrias de la construcci\u00f3n adem\u00e1s ratificar el compromiso con el medio ambiente.&nbsp;<\/p>\n\n\n\n<figure class=\"wp-block-image size-large\"><img decoding=\"async\" loading=\"lazy\" width=\"1024\" height=\"597\" src=\"https:\/\/fiic.lat\/wp-content\/uploads\/2023\/02\/FIIC-FICEM-1024x597.jpg\" alt=\"\" class=\"wp-image-2982\" srcset=\"https:\/\/fiic.lat\/wp-content\/uploads\/2023\/02\/FIIC-FICEM-1024x597.jpg 1024w, https:\/\/fiic.lat\/wp-content\/uploads\/2023\/02\/FIIC-FICEM-300x175.jpg 300w, https:\/\/fiic.lat\/wp-content\/uploads\/2023\/02\/FIIC-FICEM-768x448.jpg 768w, https:\/\/fiic.lat\/wp-content\/uploads\/2023\/02\/FIIC-FICEM.jpg 1200w\" sizes=\"(max-width: 1024px) 100vw, 1024px\" \/><\/figure>\n\n\n\n<p>La Federaci\u00f3n Interamericana del Cemento (FICEM) tiene la visi\u00f3n de promover el intercambio de experiencias y fomentar iniciativas que conlleven el desarrollo sostenible de la industria del cemento.<\/p>","protected":false},"excerpt":{"rendered":"<p>La visita cont\u00f3 con la presencia del Arq. Giuseppe Angelucci, presidente de FIIC y el Sec.Gral Ing. Eduardo Ram\u00edrez; Jos\u00e9 Ra\u00fal Gonz\u00e1lez, presidente de FICEM . La FIIC se reuni\u00f3 con la Federaci\u00f3n Interamericana del Cemento (FICEM) con la finalidad de generar sinergias e intercambiar ideas para as\u00ed reconocer las necesidades y estrategias conjuntas para [&hellip;]<\/p>","protected":false},"author":6,"featured_media":2981,"comment_status":"open","ping_status":"open","sticky":false,"template":"","format":"standard","meta":{"qubely_global_settings":"","qubely_interactions":""},"categories":[40,90],"tags":[],"blocksy_meta":"","qubely_featured_image_url":{"full":["https:\/\/fiic.lat\/wp-content\/uploads\/2023\/02\/FIIC-Articulos.jpg",1200,700,false],"landscape":["https:\/\/fiic.lat\/wp-content\/uploads\/2023\/02\/FIIC-Articulos.jpg",1200,700,false],"portraits":["https:\/\/fiic.lat\/wp-content\/uploads\/2023\/02\/FIIC-Articulos-540x320.jpg",540,320,true],"thumbnail":["https:\/\/fiic.lat\/wp-content\/uploads\/2023\/02\/FIIC-Articulos-150x150.jpg",150,150,true],"medium":["https:\/\/fiic.lat\/wp-content\/uploads\/2023\/02\/FIIC-Articulos-300x175.jpg",300,175,true],"medium_large":["https:\/\/fiic.lat\/wp-content\/uploads\/2023\/02\/FIIC-Articulos-768x448.jpg",768,448,true],"large":["https:\/\/fiic.lat\/wp-content\/uploads\/2023\/02\/FIIC-Articulos-1024x597.jpg",1024,597,true],"1536x1536":["https:\/\/fiic.lat\/wp-content\/uploads\/2023\/02\/FIIC-Articulos.jpg",1200,700,false],"2048x2048":["https:\/\/fiic.lat\/wp-content\/uploads\/2023\/02\/FIIC-Articulos.jpg",1200,700,false],"trp-custom-language-flag":["https:\/\/fiic.lat\/wp-content\/uploads\/2023\/02\/FIIC-Articulos-18x12.jpg",18,12,true],"qubely_landscape":["https:\/\/fiic.lat\/wp-content\/uploads\/2023\/02\/FIIC-Articulos.jpg",1200,700,false],"qubely_portrait":["https:\/\/fiic.lat\/wp-content\/uploads\/2023\/02\/FIIC-Articulos-540x320.jpg",540,320,true],"qubely_thumbnail":["https:\/\/fiic.lat\/wp-content\/uploads\/2023\/02\/FIIC-Articulos-140x100.jpg",140,100,true]},"qubely_author":{"display_name":"Noticias FIIC","author_link":"https:\/\/fiic.lat\/en\/author\/noticias\/"},"qubely_comment":0,"qubely_category":"<a href=\"https:\/\/fiic.lat\/en\/category\/noticia\/\" rel=\"category tag\">Noticia<\/a> <a href=\"https:\/\/fiic.lat\/en\/category\/noticia\/fiic\/\" rel=\"category tag\">FIIC<\/a>","qubely_excerpt":"La visita cont\u00f3 con la presencia del Arq. Giuseppe Angelucci, presidente de FIIC y el Sec.Gral Ing. Eduardo Ram\u00edrez; Jos\u00e9 Ra\u00fal Gonz\u00e1lez, presidente de FICEM . La FIIC se reuni\u00f3 con la Federaci\u00f3n Interamericana del Cemento (FICEM) con la finalidad de generar sinergias e intercambiar ideas para as\u00ed reconocer las necesidades y estrategias conjuntas para&hellip;","_links":{"self":[{"href":"https:\/\/fiic.lat\/en\/wp-json\/wp\/v2\/posts\/3490"}],"collection":[{"href":"https:\/\/fiic.lat\/en\/wp-json\/wp\/v2\/posts"}],"about":[{"href":"https:\/\/fiic.lat\/en\/wp-json\/wp\/v2\/types\/post"}],"author":[{"embeddable":true,"href":"https:\/\/fiic.lat\/en\/wp-json\/wp\/v2\/users\/6"}],"replies":[{"embeddable":true,"href":"https:\/\/fiic.lat\/en\/wp-json\/wp\/v2\/comments?post=3490"}],"version-history":[{"count":3,"href":"https:\/\/fiic.lat\/en\/wp-json\/wp\/v2\/posts\/3490\/revisions"}],"predecessor-version":[{"id":3494,"href":"https:\/\/fiic.lat\/en\/wp-json\/wp\/v2\/posts\/3490\/revisions\/3494"}],"wp:featuredmedia":[{"embeddable":true,"href":"https:\/\/fiic.lat\/en\/wp-json\/wp\/v2\/media\/2981"}],"wp:attachment":[{"href":"https:\/\/fiic.lat\/en\/wp-json\/wp\/v2\/media?parent=3490"}],"wp:term":[{"taxonomy":"category","embeddable":true,"href":"https:\/\/fiic.lat\/en\/wp-json\/wp\/v2\/categories?post=3490"},{"taxonomy":"post_tag","embeddable":true,"href":"https:\/\/fiic.lat\/en\/wp-json\/wp\/v2\/tags?post=3490"}],"curies":[{"name":"wp","href":"https:\/\/api.w.org\/{rel}","templated":true}]}}