{"id":3476,"date":"2023-01-12T11:38:51","date_gmt":"2023-01-12T10:38:51","guid":{"rendered":"https:\/\/fiic.lat\/?p=3476"},"modified":"2023-05-08T19:41:52","modified_gmt":"2023-05-08T17:41:52","slug":"celebro-su-brindis-virtual-de-fin-de-ano-2022","status":"publish","type":"post","link":"https:\/\/fiic.lat\/en\/celebro-su-brindis-virtual-de-fin-de-ano-2022\/","title":{"rendered":"<a href=\"http:\/\/fiic.la\/blog\/2023\/01\/12\/la-federacion-interamericana-de-la-industria-de-la-construccion-celebro-su-brindis-virtual-de-fin-de-ano-2022\/\"><strong>La Federaci\u00f3n Interamericana de la Industria de la Construcci\u00f3n celebr\u00f3 su Brindis virtual de Fin de A\u00f1o 2022.<\/strong><\/a>"},"content":{"rendered":"<p>El acontecimiento estuvo encabezado por el presidente de la FIIC Arq. Giuseppe Angelucci y la Sra. Cecilia de Angelucci. ; el Sec.Gral Ing. Eduardo Ram\u00edrez Leal y la Sra. Mar\u00eda Luisa Garc\u00eda. As\u00ed mismo cont\u00f3 con con el acompa\u00f1amiento del Consejo Directivo.<\/p>\n\n\n\n<p>Al inicio de la reuni\u00f3n el presidente Arq. Giuseppe Angelucci brind\u00f3 un mensaje de fin de a\u00f1o.<\/p>\n\n\n\n<p>\u201cEstimados&nbsp;miembros&nbsp;del Consejo Directivo y amigos,&nbsp;agradezco el&nbsp;que&nbsp;se hayan conectado,&nbsp;me dirijo a ustedes con el fin de hacerles extensivo mi sincero saludo por las fiestas que est\u00e1n a punto de llegar. Cada uno de los aqu\u00ed presentes&nbsp;que&nbsp;forma parte esencial de nuestra querida&nbsp;FIIC.<\/p>\n\n\n\n<p>Por ello no puedo ser ajeno a&nbsp;nuestro&nbsp;entusiasmo y comparto&nbsp;el&nbsp;buen \u00e1nimo ante la cercan\u00eda de Navidad. Les deseo una Noche Buena de alegr\u00eda en donde reine el amor en sus familias y un A\u00f1o Nuevo con miles de razones para sentirse orgullosos de ser parte de esta&nbsp;familia&nbsp;FIIC, una familia unida&nbsp;que d\u00eda a d\u00eda lucha por el bienestar de cada uno de nosotros&nbsp;y por el sector&nbsp;por el&nbsp;<a><\/a>que&nbsp;trabajamos.&nbsp;Nos comprometemos a seguir dando&nbsp;lo mejor.&nbsp;<\/p>\n\n\n\n<p>No quiero dejar pasar&nbsp;tambi\u00e9n nuestro&nbsp;agradecimiento&nbsp;a todas nuestras esposas,&nbsp;que&nbsp;a lo largo de todo este tiempo siempre nos apoyan y nos acompa\u00f1an en nuestras actividades.<\/p>\n\n\n\n<p>A nombre del Comit\u00e9 Ejecutivo reciban&nbsp;nuestros m\u00e1s c\u00e1lidos saludos, que pasen&nbsp;unas&nbsp;\u00a1Felices fiestas!\u201d.<\/p>","protected":false},"excerpt":{"rendered":"<p>El acontecimiento estuvo encabezado por el presidente de la FIIC Arq. Giuseppe Angelucci y la Sra. Cecilia de Angelucci. ; el Sec.Gral Ing. Eduardo Ram\u00edrez Leal y la Sra. Mar\u00eda Luisa Garc\u00eda. As\u00ed mismo cont\u00f3 con con el acompa\u00f1amiento del Consejo Directivo. Al inicio de la reuni\u00f3n el presidente Arq. Giuseppe Angelucci brind\u00f3 un mensaje [&hellip;]<\/p>","protected":false},"author":6,"featured_media":3478,"comment_status":"open","ping_status":"open","sticky":false,"template":"","format":"standard","meta":{"qubely_global_settings":"","qubely_interactions":""},"categories":[90,40],"tags":[],"blocksy_meta":"","qubely_featured_image_url":{"full":["https:\/\/fiic.lat\/wp-content\/uploads\/2023\/05\/image-3.png",921,510,false],"landscape":["https:\/\/fiic.lat\/wp-content\/uploads\/2023\/05\/image-3.png",921,510,false],"portraits":["https:\/\/fiic.lat\/wp-content\/uploads\/2023\/05\/image-3-540x320.png",540,320,true],"thumbnail":["https:\/\/fiic.lat\/wp-content\/uploads\/2023\/05\/image-3-150x150.png",150,150,true],"medium":["https:\/\/fiic.lat\/wp-content\/uploads\/2023\/05\/image-3-300x166.png",300,166,true],"medium_large":["https:\/\/fiic.lat\/wp-content\/uploads\/2023\/05\/image-3-768x425.png",768,425,true],"large":["https:\/\/fiic.lat\/wp-content\/uploads\/2023\/05\/image-3.png",921,510,false],"1536x1536":["https:\/\/fiic.lat\/wp-content\/uploads\/2023\/05\/image-3.png",921,510,false],"2048x2048":["https:\/\/fiic.lat\/wp-content\/uploads\/2023\/05\/image-3.png",921,510,false],"trp-custom-language-flag":["https:\/\/fiic.lat\/wp-content\/uploads\/2023\/05\/image-3-18x10.png",18,10,true],"qubely_landscape":["https:\/\/fiic.lat\/wp-content\/uploads\/2023\/05\/image-3.png",921,510,false],"qubely_portrait":["https:\/\/fiic.lat\/wp-content\/uploads\/2023\/05\/image-3-540x320.png",540,320,true],"qubely_thumbnail":["https:\/\/fiic.lat\/wp-content\/uploads\/2023\/05\/image-3-140x100.png",140,100,true]},"qubely_author":{"display_name":"Noticias FIIC","author_link":"https:\/\/fiic.lat\/en\/author\/noticias\/"},"qubely_comment":2,"qubely_category":"<a href=\"https:\/\/fiic.lat\/en\/category\/noticia\/fiic\/\" rel=\"category tag\">FIIC<\/a> <a href=\"https:\/\/fiic.lat\/en\/category\/noticia\/\" rel=\"category tag\">Noticia<\/a>","qubely_excerpt":"El acontecimiento estuvo encabezado por el presidente de la FIIC Arq. Giuseppe Angelucci y la Sra. Cecilia de Angelucci. ; el Sec.Gral Ing. Eduardo Ram\u00edrez Leal y la Sra. Mar\u00eda Luisa Garc\u00eda. As\u00ed mismo cont\u00f3 con con el acompa\u00f1amiento del Consejo Directivo. Al inicio de la reuni\u00f3n el presidente Arq. Giuseppe Angelucci brind\u00f3 un mensaje&hellip;","_links":{"self":[{"href":"https:\/\/fiic.lat\/en\/wp-json\/wp\/v2\/posts\/3476"}],"collection":[{"href":"https:\/\/fiic.lat\/en\/wp-json\/wp\/v2\/posts"}],"about":[{"href":"https:\/\/fiic.lat\/en\/wp-json\/wp\/v2\/types\/post"}],"author":[{"embeddable":true,"href":"https:\/\/fiic.lat\/en\/wp-json\/wp\/v2\/users\/6"}],"replies":[{"embeddable":true,"href":"https:\/\/fiic.lat\/en\/wp-json\/wp\/v2\/comments?post=3476"}],"version-history":[{"count":3,"href":"https:\/\/fiic.lat\/en\/wp-json\/wp\/v2\/posts\/3476\/revisions"}],"predecessor-version":[{"id":3484,"href":"https:\/\/fiic.lat\/en\/wp-json\/wp\/v2\/posts\/3476\/revisions\/3484"}],"wp:featuredmedia":[{"embeddable":true,"href":"https:\/\/fiic.lat\/en\/wp-json\/wp\/v2\/media\/3478"}],"wp:attachment":[{"href":"https:\/\/fiic.lat\/en\/wp-json\/wp\/v2\/media?parent=3476"}],"wp:term":[{"taxonomy":"category","embeddable":true,"href":"https:\/\/fiic.lat\/en\/wp-json\/wp\/v2\/categories?post=3476"},{"taxonomy":"post_tag","embeddable":true,"href":"https:\/\/fiic.lat\/en\/wp-json\/wp\/v2\/tags?post=3476"}],"curies":[{"name":"wp","href":"https:\/\/api.w.org\/{rel}","templated":true}]}}