{"id":3468,"date":"2023-04-28T19:41:13","date_gmt":"2023-04-28T17:41:13","guid":{"rendered":"https:\/\/fiic.lat\/?p=3468"},"modified":"2023-04-28T19:41:13","modified_gmt":"2023-04-28T17:41:13","slug":"la-obra-de-van-gogh-el-sueno-inmersivo-se-toma-el-salvador","status":"publish","type":"post","link":"https:\/\/fiic.lat\/en\/la-obra-de-van-gogh-el-sueno-inmersivo-se-toma-el-salvador\/","title":{"rendered":"La obra de Van Gogh \u201cEl sue\u00f1o inmersivo\u201d se toma El Salvador"},"content":{"rendered":"<p>La primera exposici\u00f3n inversiva que rinde homenaje a Vincent Vangh llega a Latinoam\u00e9rica y ahora estar\u00e1 en El Salvador ofreciendo un gran espect\u00e1culo y delicia visual. La obra ha sido visitada &nbsp;por m\u00e1s de 14 millones de personas con 200 obras que forman parte de colecciones de museos estar\u00e1n presentes en la exhibici\u00f3n que pronto estar\u00e1n en suelo salvadore\u00f1o.<\/p>\n\n\n\n<p>La peculiaridad de esta exhibici\u00f3n es que el espectador puede sentirse parte del mundo del artista, en un recorrido de 45 minutos que se pasea por las creaciones del artista neerland\u00e9s, uno de los principales exponentes del postimpresionismo.<\/p>\n\n\n\n<p><\/p>","protected":false},"excerpt":{"rendered":"<p>La primera exposici\u00f3n inversiva que rinde homenaje a Vincent Vangh llega a Latinoam\u00e9rica y ahora estar\u00e1 en El Salvador ofreciendo un gran espect\u00e1culo y delicia visual. La obra ha sido visitada &nbsp;por m\u00e1s de 14 millones de personas con 200 obras que forman parte de colecciones de museos estar\u00e1n presentes en la exhibici\u00f3n que pronto [&hellip;]<\/p>","protected":false},"author":6,"featured_media":3469,"comment_status":"open","ping_status":"open","sticky":false,"template":"","format":"standard","meta":{"qubely_global_settings":"","qubely_interactions":""},"categories":[92,40],"tags":[],"blocksy_meta":"","qubely_featured_image_url":{"full":["https:\/\/fiic.lat\/wp-content\/uploads\/2023\/04\/image.webp",768,578,false],"landscape":["https:\/\/fiic.lat\/wp-content\/uploads\/2023\/04\/image.webp",768,578,false],"portraits":["https:\/\/fiic.lat\/wp-content\/uploads\/2023\/04\/image-540x320.webp",540,320,true],"thumbnail":["https:\/\/fiic.lat\/wp-content\/uploads\/2023\/04\/image-150x150.webp",150,150,true],"medium":["https:\/\/fiic.lat\/wp-content\/uploads\/2023\/04\/image-300x226.webp",300,226,true],"medium_large":["https:\/\/fiic.lat\/wp-content\/uploads\/2023\/04\/image.webp",768,578,false],"large":["https:\/\/fiic.lat\/wp-content\/uploads\/2023\/04\/image.webp",768,578,false],"1536x1536":["https:\/\/fiic.lat\/wp-content\/uploads\/2023\/04\/image.webp",768,578,false],"2048x2048":["https:\/\/fiic.lat\/wp-content\/uploads\/2023\/04\/image.webp",768,578,false],"trp-custom-language-flag":["https:\/\/fiic.lat\/wp-content\/uploads\/2023\/04\/image-16x12.webp",16,12,true],"qubely_landscape":["https:\/\/fiic.lat\/wp-content\/uploads\/2023\/04\/image.webp",768,578,false],"qubely_portrait":["https:\/\/fiic.lat\/wp-content\/uploads\/2023\/04\/image-540x320.webp",540,320,true],"qubely_thumbnail":["https:\/\/fiic.lat\/wp-content\/uploads\/2023\/04\/image-140x100.webp",140,100,true]},"qubely_author":{"display_name":"Noticias FIIC","author_link":"https:\/\/fiic.lat\/en\/author\/noticias\/"},"qubely_comment":0,"qubely_category":"<a href=\"https:\/\/fiic.lat\/en\/category\/noticia\/mujeres-fiic\/\" rel=\"category tag\">Mujeres FIIC<\/a> <a href=\"https:\/\/fiic.lat\/en\/category\/noticia\/\" rel=\"category tag\">Noticia<\/a>","qubely_excerpt":"La primera exposici\u00f3n inversiva que rinde homenaje a Vincent Vangh llega a Latinoam\u00e9rica y ahora estar\u00e1 en El Salvador ofreciendo un gran espect\u00e1culo y delicia visual. La obra ha sido visitada &nbsp;por m\u00e1s de 14 millones de personas con 200 obras que forman parte de colecciones de museos estar\u00e1n presentes en la exhibici\u00f3n que pronto&hellip;","_links":{"self":[{"href":"https:\/\/fiic.lat\/en\/wp-json\/wp\/v2\/posts\/3468"}],"collection":[{"href":"https:\/\/fiic.lat\/en\/wp-json\/wp\/v2\/posts"}],"about":[{"href":"https:\/\/fiic.lat\/en\/wp-json\/wp\/v2\/types\/post"}],"author":[{"embeddable":true,"href":"https:\/\/fiic.lat\/en\/wp-json\/wp\/v2\/users\/6"}],"replies":[{"embeddable":true,"href":"https:\/\/fiic.lat\/en\/wp-json\/wp\/v2\/comments?post=3468"}],"version-history":[{"count":2,"href":"https:\/\/fiic.lat\/en\/wp-json\/wp\/v2\/posts\/3468\/revisions"}],"predecessor-version":[{"id":3471,"href":"https:\/\/fiic.lat\/en\/wp-json\/wp\/v2\/posts\/3468\/revisions\/3471"}],"wp:featuredmedia":[{"embeddable":true,"href":"https:\/\/fiic.lat\/en\/wp-json\/wp\/v2\/media\/3469"}],"wp:attachment":[{"href":"https:\/\/fiic.lat\/en\/wp-json\/wp\/v2\/media?parent=3468"}],"wp:term":[{"taxonomy":"category","embeddable":true,"href":"https:\/\/fiic.lat\/en\/wp-json\/wp\/v2\/categories?post=3468"},{"taxonomy":"post_tag","embeddable":true,"href":"https:\/\/fiic.lat\/en\/wp-json\/wp\/v2\/tags?post=3468"}],"curies":[{"name":"wp","href":"https:\/\/api.w.org\/{rel}","templated":true}]}}