{"id":2980,"date":"2023-04-12T22:06:57","date_gmt":"2023-04-12T20:06:57","guid":{"rendered":"https:\/\/fiic.lat\/?p=2980"},"modified":"2023-05-08T20:13:16","modified_gmt":"2023-05-08T18:13:16","slug":"strongswebinar-como-empezar-a-utilizar-bim-la-importancia-del-bep","status":"publish","type":"post","link":"https:\/\/fiic.lat\/en\/strongswebinar-como-empezar-a-utilizar-bim-la-importancia-del-bep\/","title":{"rendered":"<strong>Se llev\u00f3 acabo el exitoso Webinar \u00bfC\u00f3mo empezar a utilizar BIM? La importancia del BEP.<\/strong>"},"content":{"rendered":"<p>La Red de Innovaci\u00f3n y Productividad en la Construcci\u00f3n (INCONET) de la Federaci\u00f3n Interamericana de la Industria de la Construcci\u00f3n (FIIC) , realiz\u00f3 exitoso webinar la cual cont\u00f3 con la participaci\u00f3n de la Arq. Mar\u00eda Jos\u00e9 de Tezanos para conocer m\u00e1s sobre BIM EXCUTION PLAN.<\/p>\n\n\n\n<p>Particip\u00f3 el presidente Arq. Giuseppe Angelucci y el Sec. Gral. Eduardo Ram\u00edrez.<\/p>\n\n\n\n<figure class=\"wp-block-image size-full\"><img decoding=\"async\" loading=\"lazy\" width=\"761\" height=\"431\" src=\"https:\/\/fiic.lat\/wp-content\/uploads\/2023\/04\/image-5.webp\" alt=\"\" class=\"wp-image-3465\" srcset=\"https:\/\/fiic.lat\/wp-content\/uploads\/2023\/04\/image-5.webp 761w, https:\/\/fiic.lat\/wp-content\/uploads\/2023\/04\/image-5-300x170.webp 300w, https:\/\/fiic.lat\/wp-content\/uploads\/2023\/04\/image-5-18x10.webp 18w\" sizes=\"(max-width: 761px) 100vw, 761px\" \/><\/figure>","protected":false},"excerpt":{"rendered":"<p>La Red de Innovaci\u00f3n y Productividad en la Construcci\u00f3n (INCONET) de la Federaci\u00f3n Interamericana de la Industria de la Construcci\u00f3n (FIIC) , realiz\u00f3 exitoso webinar la cual cont\u00f3 con la participaci\u00f3n de la Arq. Mar\u00eda Jos\u00e9 de Tezanos para conocer m\u00e1s sobre BIM EXCUTION PLAN. Particip\u00f3 el presidente Arq. Giuseppe Angelucci y el Sec. Gral. [&hellip;]<\/p>","protected":false},"author":6,"featured_media":3464,"comment_status":"open","ping_status":"open","sticky":false,"template":"","format":"standard","meta":{"qubely_global_settings":"","qubely_interactions":""},"categories":[40,91],"tags":[],"blocksy_meta":"","qubely_featured_image_url":{"full":["https:\/\/fiic.lat\/wp-content\/uploads\/2023\/02\/image-4.webp",725,476,false],"landscape":["https:\/\/fiic.lat\/wp-content\/uploads\/2023\/02\/image-4.webp",725,476,false],"portraits":["https:\/\/fiic.lat\/wp-content\/uploads\/2023\/02\/image-4-540x320.webp",540,320,true],"thumbnail":["https:\/\/fiic.lat\/wp-content\/uploads\/2023\/02\/image-4-150x150.webp",150,150,true],"medium":["https:\/\/fiic.lat\/wp-content\/uploads\/2023\/02\/image-4-300x197.webp",300,197,true],"medium_large":["https:\/\/fiic.lat\/wp-content\/uploads\/2023\/02\/image-4.webp",725,476,false],"large":["https:\/\/fiic.lat\/wp-content\/uploads\/2023\/02\/image-4.webp",725,476,false],"1536x1536":["https:\/\/fiic.lat\/wp-content\/uploads\/2023\/02\/image-4.webp",725,476,false],"2048x2048":["https:\/\/fiic.lat\/wp-content\/uploads\/2023\/02\/image-4.webp",725,476,false],"trp-custom-language-flag":["https:\/\/fiic.lat\/wp-content\/uploads\/2023\/02\/image-4-18x12.webp",18,12,true],"qubely_landscape":["https:\/\/fiic.lat\/wp-content\/uploads\/2023\/02\/image-4.webp",725,476,false],"qubely_portrait":["https:\/\/fiic.lat\/wp-content\/uploads\/2023\/02\/image-4-540x320.webp",540,320,true],"qubely_thumbnail":["https:\/\/fiic.lat\/wp-content\/uploads\/2023\/02\/image-4-140x100.webp",140,100,true]},"qubely_author":{"display_name":"Noticias FIIC","author_link":"https:\/\/fiic.lat\/en\/author\/noticias\/"},"qubely_comment":1,"qubely_category":"<a href=\"https:\/\/fiic.lat\/en\/category\/noticia\/\" rel=\"category tag\">Noticia<\/a> <a href=\"https:\/\/fiic.lat\/en\/category\/noticia\/inconet\/\" rel=\"category tag\">INCONET<\/a>","qubely_excerpt":"La Red de Innovaci\u00f3n y Productividad en la Construcci\u00f3n (INCONET) de la Federaci\u00f3n Interamericana de la Industria de la Construcci\u00f3n (FIIC) , realiz\u00f3 exitoso webinar la cual cont\u00f3 con la participaci\u00f3n de la Arq. Mar\u00eda Jos\u00e9 de Tezanos para conocer m\u00e1s sobre BIM EXCUTION PLAN. Particip\u00f3 el presidente Arq. Giuseppe Angelucci y el Sec. Gral.&hellip;","_links":{"self":[{"href":"https:\/\/fiic.lat\/en\/wp-json\/wp\/v2\/posts\/2980"}],"collection":[{"href":"https:\/\/fiic.lat\/en\/wp-json\/wp\/v2\/posts"}],"about":[{"href":"https:\/\/fiic.lat\/en\/wp-json\/wp\/v2\/types\/post"}],"author":[{"embeddable":true,"href":"https:\/\/fiic.lat\/en\/wp-json\/wp\/v2\/users\/6"}],"replies":[{"embeddable":true,"href":"https:\/\/fiic.lat\/en\/wp-json\/wp\/v2\/comments?post=2980"}],"version-history":[{"count":3,"href":"https:\/\/fiic.lat\/en\/wp-json\/wp\/v2\/posts\/2980\/revisions"}],"predecessor-version":[{"id":3466,"href":"https:\/\/fiic.lat\/en\/wp-json\/wp\/v2\/posts\/2980\/revisions\/3466"}],"wp:featuredmedia":[{"embeddable":true,"href":"https:\/\/fiic.lat\/en\/wp-json\/wp\/v2\/media\/3464"}],"wp:attachment":[{"href":"https:\/\/fiic.lat\/en\/wp-json\/wp\/v2\/media?parent=2980"}],"wp:term":[{"taxonomy":"category","embeddable":true,"href":"https:\/\/fiic.lat\/en\/wp-json\/wp\/v2\/categories?post=2980"},{"taxonomy":"post_tag","embeddable":true,"href":"https:\/\/fiic.lat\/en\/wp-json\/wp\/v2\/tags?post=2980"}],"curies":[{"name":"wp","href":"https:\/\/api.w.org\/{rel}","templated":true}]}}